{"id":390,"date":"2026-03-14T21:12:39","date_gmt":"2026-03-14T20:12:39","guid":{"rendered":"https:\/\/observatoirevalidismepolitique.fr\/?p=390"},"modified":"2026-03-17T15:07:11","modified_gmt":"2026-03-17T14:07:11","slug":"interviews-observatoire-et-membres","status":"publish","type":"post","link":"https:\/\/observatoirevalidismepolitique.fr\/index.php\/2026\/03\/14\/interviews-observatoire-et-membres\/","title":{"rendered":"Interviews de l&rsquo;Observatoire et de ses membres"},"content":{"rendered":"\n<p><strong>10\/3\/26 : Lib\u00e9ration : T\u00e9moignages \u00abLes habitudes politiques sont calqu\u00e9es sur des normes valides\u00bb : trois \u00e9lus municipaux handicap\u00e9s t\u00e9moignent<\/strong><\/p>\n\n\n\n<p><a href=\"https:\/\/www.liberation.fr\/societe\/les-habitudes-politiques-sont-calquees-sur-des-normes-valides-trois-elus-municipaux-handicapes-temoignent-20260310_D7W5UGV3DZBARLMLOLH6K47X6E\">https:\/\/www.liberation.fr\/societe\/les-habitudes-politiques-sont-calquees-sur-des-normes-valides-trois-elus-municipaux-handicapes-temoignent-20260310_D7W5UGV3DZBARLMLOLH6K47X6E<\/a><\/p>\n\n\n\n<p><strong>\u00abPour faire du porte \u00e0 porte, une majorit\u00e9 d\u2019immeubles ne sont pas accessibles\u00bb<\/strong><\/p>\n\n\n\n<p><strong>Audrey H\u00e9nocque, premi\u00e8re adjointe en charge des finances, de la culture et des grands \u00e9v\u00e9nements \u00e0 Lyon<\/strong><\/p>\n\n\n\n<p>\u00abJ\u2019ai un handicap assez lourd [elle est devenue t\u00e9trapl\u00e9gique apr\u00e8s un accident de voiture], je suis tr\u00e8s d\u00e9pendante, mais je ne suis pas une sp\u00e9cialiste de ces questions. J\u2019ai une expertise de la gestion publique, donc m\u2019occuper des finances, c\u2019\u00e9tait beaucoup plus naturel. C\u2019est limitatif d\u2019avoir les personnes handicap\u00e9es au handicap, les personnes de couleur aux questions d\u2019antiracisme, etc.<\/p>\n\n\n\n<p>\u00abA la mairie, on a pu automatiser des portes qui \u00e9taient tr\u00e8s lourdes et j\u2019ai un ordinateur un peu adapt\u00e9. Mais j\u2019ai surtout besoin d\u2019aide pour mes d\u00e9placements. On a achet\u00e9 une voiture adapt\u00e9e qui me permet de me d\u00e9placer dans les endroits pas faciles d\u2019acc\u00e8s \u00e0 pied, et on a gard\u00e9 quelques chauffeurs de la mandature pr\u00e9c\u00e9dente.<\/p>\n\n\n\n<p>\u00abPour faire campagne, il y a des choses qui seront toujours compliqu\u00e9es, du fait qu\u2019on vive dans une soci\u00e9t\u00e9 pas adapt\u00e9e. Pour faire du porte \u00e0 porte, une majorit\u00e9 d\u2019immeubles ne sont pas accessibles en fauteuil roulant, parce qu\u2019il y a des marches, pas d\u2019ascenseur ou un ascenseur en panne. Les lieux d\u2019exercice du pouvoir restent quant \u00e0 eux pens\u00e9s pour l\u2019homme ou la femme valide. Je suis all\u00e9e plusieurs fois voir l\u2019Olympique lyonnais au stade, les personnes importantes sont au milieu du gradin et moi je suis \u00e0 part, sur les places handicap\u00e9s. Ce qui ne me pose pas probl\u00e8me quand je vais voir un spectacle dans ma vie personnelle, mais l\u00e0 je ne suis pas \u00e0 ma place protocolaire.<\/p>\n\n\n\n<p>\u00abIl peut aussi encore y avoir des r\u00e9unions organis\u00e9es dans des endroits pas accessibles. Ce n\u2019est pas fait expr\u00e8s pour que je ne puisse pas venir, mais c\u2019est une violence validiste de ne pas avoir pr\u00e9vu. Le validisme est un terme global : c\u2019est rare d\u2019avoir quelqu\u2019un qui vous insulte, mais il peut y avoir une discrimination indirecte, comme la difficult\u00e9 physique \u00e0 participer aux moments informels, qui a pour cons\u00e9quence de ne pas \u00eatre dans le groupe de travail sur tel sujet, parce qu\u2019ils en ont parl\u00e9 entre deux portes. Les habitudes politiques sont plut\u00f4t calqu\u00e9es sur des normes valides. Mais plus il y aura d\u2019\u00e9lus en situation de handicap, plus \u00e7a va aider \u00e0 faire \u00e9voluer les choses. Candidats et candidates potentiels, sortez du bois.\u00bb<\/p>\n\n\n\n<p><strong>\u00abMon autisme a \u00e9t\u00e9 mal compris par mes coll\u00e8gues\u00bb<\/strong><\/p>\n\n\n\n<p><strong>Odile Maurin, conseill\u00e8re municipale d\u2019opposition \u00e0 Toulouse<\/strong><\/p>\n\n\n\n<p>\u00abMon double handicap, moteur et cognitif, a augment\u00e9 les obstacles. Quand vous \u00eates une personne en fauteuil roulant qui ne peut pas entrer dans une salle, c\u2019est visible, facile \u00e0 comprendre. Mais quand vous \u00eates une personne autiste\u2026 La droite a \u00e9t\u00e9 infecte avec moi, en me refusant la prise en charge des accompagnements li\u00e9s \u00e0 mes handicaps. Mais la gauche n\u2019a pas \u00e9t\u00e9 au niveau. Mon autisme a \u00e9t\u00e9 mal compris par mes coll\u00e8gues, qui n\u2019ont pas cherch\u00e9 \u00e0 se former, et \u00e7a a cr\u00e9\u00e9 des tensions. Je pourrais entendre que, du point de vue des personnes neurotypiques [qui ont un fonctionnement neurologique consid\u00e9r\u00e9 dans la norme, ndlr], ce soit moins facile de travailler avec une personne autiste, parce qu\u2019il y a des rigidit\u00e9s, des fa\u00e7ons de comprendre et de penser diff\u00e9rentes. Mais c\u2019est le fruit du fait que la soci\u00e9t\u00e9 n\u2019ait jamais valoris\u00e9 ni reconnu la diff\u00e9rence comme une richesse.<\/p>\n\n\n\n<p>\u00abMes coll\u00e8gues trouvaient que je voulais faire trop de choses \u2013 j\u2019\u00e9tais dans cinq commissions. Mais c\u2019est la neuroatypie : pour comprendre les enjeux et les traiter, j\u2019ai besoin d\u2019avoir une vision globale. Ils consid\u00e9raient aussi que je faisais trop d\u2019interventions en conseil municipal, alors j\u2019ai accept\u00e9 d\u2019en faire un nombre limit\u00e9. J\u2019ai du mal \u00e0 \u00eatre synth\u00e9tique, \u00e7a a \u00e9t\u00e9 une des plus grosses difficult\u00e9s de mon mandat. Le maire impose ill\u00e9galement deux minutes trente d\u2019intervention, ne permettant pas de d\u00e9velopper un propos construit. J\u2019ai contest\u00e9 \u00e0 plusieurs reprises le fait qu\u2019on me coupe la parole, le micro. C\u2019est compliqu\u00e9 pour moi quand je suis coup\u00e9e, \u00e7a cr\u00e9e une tension nerveuse importante.<\/p>\n\n\n\n<p>\u00abIl y a deux ans, j\u2019ai fait un burn-out autistique. Entre le manque d\u2019accompagnement et la charge financi\u00e8re et mentale, on arrive tr\u00e8s vite \u00e0 des \u00e9tats d\u2019\u00e9puisement parce qu\u2019on force, et parce que la soci\u00e9t\u00e9 valorise celui qui d\u00e9passe son handicap. Puis j\u2019ai \u00e9t\u00e9 en arr\u00eat maladie la plupart du temps, avec quelques passages juste pour les derniers conseils. Je ne me repr\u00e9sente pas aux \u00e9lections : refaire un mandat d\u2019opposition ne m\u2019int\u00e9ressait pas et je ne suis pas en \u00e9tat de mener campagne et d\u2019\u00eatre dans une majorit\u00e9.\u00bb<\/p>\n\n\n\n<div style=\"height:100px\" aria-hidden=\"true\" class=\"wp-block-spacer\"><\/div>\n\n\n\n<p><strong>Lib\u00e9ration : D\u00e9cryptage \u00abUn chiffre vraiment d\u00e9risoire\u00bb : les \u00e9lus municipaux handicap\u00e9s aux abonn\u00e9s absents<\/strong><\/p>\n\n\n\n<p><a href=\"https:\/\/www.liberation.fr\/societe\/un-chiffre-vraiment-derisoire-les-elus-municipaux-handicapes-aux-abonnes-absents-20260310_HPLOQGL3MZC6XBQV6X5RAPRQVY\">https:\/\/www.liberation.fr\/societe\/un-chiffre-vraiment-derisoire-les-elus-municipaux-handicapes-aux-abonnes-absents-20260310_HPLOQGL3MZC6XBQV6X5RAPRQVY<\/a><\/p>\n\n\n\n<div style=\"height:100px\" aria-hidden=\"true\" class=\"wp-block-spacer\"><\/div>\n\n\n\n<p><strong>11\/2\/26 : Le NouvelObs : Pourquoi les \u00e9lus handicap\u00e9s sont-ils si peu nombreux en France ?<\/strong><\/p>\n\n\n\n<p><a href=\"https:\/\/www.nouvelobs.com\/societe\/20260211.OBS112290\/pourquoi-les-elus-handicapes-sont-ils-si-peu-nombreux-en-france.html\">https:\/\/www.nouvelobs.com\/societe\/20260211.OBS112290\/pourquoi-les-elus-handicapes-sont-ils-si-peu-nombreux-en-france.html<\/a><\/p>\n\n\n\n<div style=\"height:100px\" aria-hidden=\"true\" class=\"wp-block-spacer\"><\/div>\n\n\n\n<p><strong>26\/1\/26 : La Vie : \u00ab 40 000 euros pour exercer mon mandat \u00bb : le prix du validisme en politique<\/strong><\/p>\n\n\n\n<p><a href=\"https:\/\/www.lavie.fr\/actualite\/societe\/40-000-euros-pour-exercer-mon-mandat-le-prix-du-validisme-en-politique-102733.php\">https:\/\/www.lavie.fr\/actualite\/societe\/40-000-euros-pour-exercer-mon-mandat-le-prix-du-validisme-en-politique-102733.php<\/a><\/p>\n\n\n\n<p><em>\u00ab&nbsp;A cela s\u2019ajoutent les freins li\u00e9s \u00e0 l\u2019accessibilit\u00e9, celle du b\u00e2ti ou des transports, qui compliquent le respect des imp\u00e9ratifs d\u2019un agenda politique. Conseill\u00e8re municipale d\u2019opposition (divers gauche) \u00e0 Toulouse depuis 2020, Odile Maurin, polyhandicap\u00e9e, en sait quelque chose : \u00ab Si j\u2019avais d\u00fb d\u00e9pendre des transports en commun, je n\u2019aurais pas pu faire campagne, ni exercer mon mandat. Je conduis ma voiture, je suis ind\u00e9pendante dans mes d\u00e9placements : tout le monde n\u2019a pas cette chance. \u00bb<\/em><\/p>\n\n\n\n<p><em>\u2026. Militante antivalidiste, elle conna\u00eet par c\u0153ur les obstacles que subissent au quotidien les personnes en situation de handicap. Elle n\u2019\u00e9tait pourtant pas pr\u00eate \u00e0 ce que son entr\u00e9e en politique soit aussi difficile : \u00ab La campagne a \u00e9t\u00e9 horrible \u00bb, souffle-t-elle, encore frapp\u00e9e par ce souvenir. Atteinte d\u2019une maladie g\u00e9n\u00e9tique qui lui provoque douleurs et fatigue, l\u2019oblige \u00e0 se d\u00e9placer en fauteuil roulant et \u00e0 faire appel \u00e0 des aides humaines pour des actes quotidiens, diagnostiqu\u00e9e autiste sur le tard, elle \u00e9voque les boucles d\u2019\u00e9changes Telegram avec les \u00e9quipes de sa liste, dans lesquelles elle peinait \u00e0 participer \u00e0 l\u2019\u00e9crit, ou ce local de campagne, pour elle inaccessible, puisqu\u2019une marche lui en barrait l\u2019entr\u00e9e : \u00ab J\u2019ai fait comprendre \u00e0 mes camarades que c\u2019\u00e9tait inacceptable. \u00c7a s\u2019est fini \u00e0 coups de burin. \u00bb<\/em><\/p>\n\n\n\n<p><em>\u2026. Lors de son mandat, elle s\u2019est aussi heurt\u00e9e au \u00ab refus \u00bb du maire de financer l\u2019aide compensant son handicap, reconnue n\u00e9cessaire. \u00ab Les gens me voient comme combative, mais ils sous-estiment mes difficult\u00e9s, confie-t-elle. Parfois je comprends les choses plus vite que les autres, parfois plus lentement. J\u2019ai besoin de quelqu\u2019un pour \u00e9crire, synth\u00e9tiser, me recentrer, me concentrer. \u00bb Elle affirme avoir avanc\u00e9 elle-m\u00eame les 40 000 euros rest\u00e9s \u00e0 charge depuis 2020, soit 80 % de son indemnit\u00e9 d\u2019\u00e9lue. Un tribunal a consid\u00e9r\u00e9 que les textes ne pr\u00e9voyaient pas de compensation financi\u00e8re pour les handicaps cognitifs \u2013 pourtant indispensable pour qu\u2019elle pr\u00e9pare au mieux ses conseils et commissions.<\/em><\/p>\n\n\n\n<p><em>\u2026.Odile Maurin, elle, ne se repr\u00e9sentera pas en 2026, apr\u00e8s avoir exerc\u00e9 dans des conditions qui l\u2019ont \u00e9prouv\u00e9e physiquement et ont men\u00e9 \u00e0 un burnout autistique. Elle d\u00e9nonce le manque de consid\u00e9ration de la classe politique pour le handicap, y compris \u00e0 gauche. \u00ab Certains partis se r\u00e9clament de l\u2019humanisme, mais rechignent \u00e0 changer leurs habitudes \u00bb, s\u2019agace-t-elle. Elle \u00e9voque l\u2019id\u00e9e d\u2019un quota, qui divise les acteurs et associations. Elle y a longtemps \u00e9t\u00e9 oppos\u00e9e, \u00ab mais vu la situation, peut-\u00eatre qu\u2019il faudra en passer par l\u00e0, comme pour la parit\u00e9 homme femme \u00bb.<\/em><\/p>\n\n\n\n<div style=\"height:100px\" aria-hidden=\"true\" class=\"wp-block-spacer\"><\/div>\n\n\n\n<p><strong>26\/1\/26 : La Vie : \u00ab 40 000 euros pour exercer mon mandat \u00bb : le prix du validisme en politique<\/strong><\/p>\n\n\n\n<p><a href=\"https:\/\/www.lavie.fr\/actualite\/societe\/40-000-euros-pour-exercer-mon-mandat-le-prix-du-validisme-en-politique-102733.php\">https:\/\/www.lavie.fr\/actualite\/societe\/40-000-euros-pour-exercer-mon-mandat-le-prix-du-validisme-en-politique-102733.php<\/a><\/p>\n\n\n\n<div style=\"height:100px\" aria-hidden=\"true\" class=\"wp-block-spacer\"><\/div>\n\n\n\n<p><strong>16\/1\/26 : Le Monde : Pour les municipales, les rares candidats et \u00e9lus en situation de handicap refusent d\u2019\u00eatre des \u00ab potiches \u00bb<\/strong><\/p>\n\n\n\n<p><a href=\"https:\/\/www.lemonde.fr\/societe\/article\/2026\/01\/16\/pour-les-municipales-les-rares-candidats-et-elus-en-situation-de-handicap-refusent-d-etre-des-potiches_6662542_3224.html\">https:\/\/www.lemonde.fr\/societe\/article\/2026\/01\/16\/pour-les-municipales-les-rares-candidats-et-elus-en-situation-de-handicap-refusent-d-etre-des-potiches_6662542_3224.html<\/a><\/p>\n","protected":false},"excerpt":{"rendered":"<p>Articles de mars 2026 sur l&rsquo;Observatoire du Validisme en Politique et certaines de ses membres dont Odile Maurin et Audrey Henocque sur le statut de l&rsquo;\u00e9lu local et ce \u00e0 quoi elles sont confront\u00e9es<\/p>\n","protected":false},"author":1,"featured_media":407,"comment_status":"open","ping_status":"open","sticky":false,"template":"","format":"standard","meta":{"jetpack_post_was_ever_published":false,"_jetpack_newsletter_access":"","_jetpack_dont_email_post_to_subs":true,"_jetpack_newsletter_tier_id":0,"_jetpack_memberships_contains_paywalled_content":false,"_jetpack_memberships_contains_paid_content":false,"footnotes":"","jetpack_publicize_message":"","jetpack_publicize_feature_enabled":true,"jetpack_social_post_already_shared":true,"jetpack_social_options":{"image_generator_settings":{"template":"highway","default_image_id":0,"font":"","enabled":false},"version":2}},"categories":[4,5,3],"tags":[],"class_list":["post-390","post","type-post","status-publish","format-standard","has-post-thumbnail","hentry","category-handicap","category-politique","category-validisme"],"jetpack_publicize_connections":[],"jetpack_featured_media_url":"https:\/\/i0.wp.com\/observatoirevalidismepolitique.fr\/wp-content\/uploads\/2026\/03\/260310_Liberation-3-elus-handi.jpg?fit=802%2C768&ssl=1","jetpack-related-posts":[{"id":253,"url":"https:\/\/observatoirevalidismepolitique.fr\/index.php\/2025\/07\/08\/002-delus-handicapes-alors-que-16-de-la-population-a-un-handicap-tolerable-dans-une-nation-democratique\/","url_meta":{"origin":390,"position":0},"title":"0,02% d&rsquo;\u00e9lus handicap\u00e9s alors que 16% de la population a un handicap : tol\u00e9rable dans une nation d\u00e9mocratique ?\u00a0","author":"admin9931","date":"8 juillet 2025","format":false,"excerpt":"Tribune de l'Observatoire du validisme en politique sur le scandale d\u00e9mocratique de l'absence de moyens de participation des personnes handicap\u00e9es aux fonctions \u00e9lectives","rel":"","context":"Dans &quot;Handicap&quot;","block_context":{"text":"Handicap","link":"https:\/\/observatoirevalidismepolitique.fr\/index.php\/category\/handicap\/"},"img":{"alt_text":"Capture d'\u00e9cran du site du S\u00e9nat avec la proposition de loi sur le statut de l'\u00e9lu local et la mention manuscrite : 0,02 % d'\u00e9lus handicap\u00e9s pour 16 % de la population. Deux points tol\u00e9rables ?","src":"https:\/\/i0.wp.com\/observatoirevalidismepolitique.fr\/wp-content\/uploads\/2025\/07\/250707_OVP_amendts-statut-elu-local_handi.png?fit=800%2C600&ssl=1&resize=350%2C200","width":350,"height":200,"srcset":"https:\/\/i0.wp.com\/observatoirevalidismepolitique.fr\/wp-content\/uploads\/2025\/07\/250707_OVP_amendts-statut-elu-local_handi.png?fit=800%2C600&ssl=1&resize=350%2C200 1x, https:\/\/i0.wp.com\/observatoirevalidismepolitique.fr\/wp-content\/uploads\/2025\/07\/250707_OVP_amendts-statut-elu-local_handi.png?fit=800%2C600&ssl=1&resize=525%2C300 1.5x, https:\/\/i0.wp.com\/observatoirevalidismepolitique.fr\/wp-content\/uploads\/2025\/07\/250707_OVP_amendts-statut-elu-local_handi.png?fit=800%2C600&ssl=1&resize=700%2C400 2x"},"classes":[]},{"id":225,"url":"https:\/\/observatoirevalidismepolitique.fr\/index.php\/2025\/02\/20\/audrey-henocque-et-odile-maurin-dans-la-presse-sur-handicap-et-elues\/","url_meta":{"origin":390,"position":1},"title":"Audrey Henocque et Odile Maurin dans la presse sur handicap et \u00e9lues","author":"admin9931","date":"20 f\u00e9vrier 2025","format":false,"excerpt":"2 articles en ce d\u00e9but d'ann\u00e9e 2025 qui parlent des fondatrices de l'Observatoire et de leur r\u00f4le d'\u00e9lue 29\/1\/25 : Courrier des Maires : En 2026, l\u2019espoir d\u2019un renouveau \u00e9lectoral et politique de la cause du handicap Les freins \u00e0 l\u2019engagement citoyen sont nombreux pour les personnes en situation de\u2026","rel":"","context":"Dans &quot;Handicap&quot;","block_context":{"text":"Handicap","link":"https:\/\/observatoirevalidismepolitique.fr\/index.php\/category\/handicap\/"},"img":{"alt_text":"","src":"https:\/\/i0.wp.com\/observatoirevalidismepolitique.fr\/wp-content\/uploads\/2025\/02\/Capture-decran-2025-02-20-205639.jpg?resize=350%2C200&ssl=1","width":350,"height":200,"srcset":"https:\/\/i0.wp.com\/observatoirevalidismepolitique.fr\/wp-content\/uploads\/2025\/02\/Capture-decran-2025-02-20-205639.jpg?resize=350%2C200&ssl=1 1x, https:\/\/i0.wp.com\/observatoirevalidismepolitique.fr\/wp-content\/uploads\/2025\/02\/Capture-decran-2025-02-20-205639.jpg?resize=525%2C300&ssl=1 1.5x, https:\/\/i0.wp.com\/observatoirevalidismepolitique.fr\/wp-content\/uploads\/2025\/02\/Capture-decran-2025-02-20-205639.jpg?resize=700%2C400&ssl=1 2x"},"classes":[]},{"id":1,"url":"https:\/\/observatoirevalidismepolitique.fr\/index.php\/2024\/05\/29\/notre-tribune-dans-liberation-a-signer\/","url_meta":{"origin":390,"position":2},"title":"Notre tribune dans Lib\u00e9ration \u00e0 signer : Violences validistes sur les \u00e9lues et \u00e9lus handicap\u00e9s","author":"admin9931","date":"29 mai 2024","format":false,"excerpt":"Ce 21 juin 2024, Lib\u00e9ration a publi\u00e9 notre tribune d\u00e9sormais ouverte \u00e0 signature publique apr\u00e8s 272 premi\u00e8res signatures d'\u00e9lus et militants :","rel":"","context":"Dans &quot;Politique&quot;","block_context":{"text":"Politique","link":"https:\/\/observatoirevalidismepolitique.fr\/index.php\/category\/politique\/"},"img":{"alt_text":"","src":"https:\/\/i0.wp.com\/observatoirevalidismepolitique.fr\/wp-content\/uploads\/2024\/07\/24-07-10-121601.png?fit=456%2C652&ssl=1&resize=350%2C200","width":350,"height":200},"classes":[]},{"id":373,"url":"https:\/\/observatoirevalidismepolitique.fr\/index.php\/2025\/10\/08\/communique-pour-des-conseils-municipaux-representatifs-de-la-diversite-de-la-population-stop-au-validisme-en-politique\/","url_meta":{"origin":390,"position":3},"title":"Communiqu\u00e9\u00a0: pour des conseils municipaux repr\u00e9sentatifs de la diversit\u00e9 de la population, stop au validisme en politique\u00a0!","author":"admin9931","date":"8 octobre 2025","format":false,"excerpt":"L\u2019Observatoire du validisme en politique[1] apporte son soutien \u00e0 Odile Maurin, \u00e9lue d\u2019opposition au Conseil municipal de Toulouse, suite \u00e0 l\u2019incident ayant provoqu\u00e9 une interruption de s\u00e9ance lors du Conseil du 26 septembre[2]. Cet \u00e9pisode est l\u2019aboutissement insupportable de plus de cinq ann\u00e9es de mandat au cours desquelles cette \u00e9lue\u2026","rel":"","context":"Dans &quot;Validisme&quot;","block_context":{"text":"Validisme","link":"https:\/\/observatoirevalidismepolitique.fr\/index.php\/category\/validisme\/"},"img":{"alt_text":"Capture d'\u00e9cran d'un extrait du Conseil municipal du 26 septembre 2025 de Toulouse, o\u00f9 l'on voit une \u00e9lue handicap\u00e9e venue \u00e0 la tribune pour demander la parole apr\u00e8s un \u00e9ni\u00e8me \u00e9pisode de censure, et qui se voit arracher le micro des mains apr\u00e8s avoir tent\u00e9 de prendre le micro pour r\u00e9pondre au maire.","src":"https:\/\/i0.wp.com\/observatoirevalidismepolitique.fr\/wp-content\/uploads\/2025\/10\/250926_Youtube_capture-micro3_ss-text.png?fit=1050%2C578&ssl=1&resize=350%2C200","width":350,"height":200,"srcset":"https:\/\/i0.wp.com\/observatoirevalidismepolitique.fr\/wp-content\/uploads\/2025\/10\/250926_Youtube_capture-micro3_ss-text.png?fit=1050%2C578&ssl=1&resize=350%2C200 1x, https:\/\/i0.wp.com\/observatoirevalidismepolitique.fr\/wp-content\/uploads\/2025\/10\/250926_Youtube_capture-micro3_ss-text.png?fit=1050%2C578&ssl=1&resize=525%2C300 1.5x, https:\/\/i0.wp.com\/observatoirevalidismepolitique.fr\/wp-content\/uploads\/2025\/10\/250926_Youtube_capture-micro3_ss-text.png?fit=1050%2C578&ssl=1&resize=700%2C400 2x, https:\/\/i0.wp.com\/observatoirevalidismepolitique.fr\/wp-content\/uploads\/2025\/10\/250926_Youtube_capture-micro3_ss-text.png?fit=1050%2C578&ssl=1&resize=1050%2C600 3x"},"classes":[]},{"id":384,"url":"https:\/\/observatoirevalidismepolitique.fr\/index.php\/2025\/11\/18\/guide-handeo-pour-participer-a-la-vie-politique\/","url_meta":{"origin":390,"position":4},"title":"Guide Handeo pour participer \u00e0 la vie politique","author":"admin9931","date":"18 novembre 2025","format":false,"excerpt":"Moins de 1% d'\u00e9luEs en situation de handicap et en r\u00e9alit\u00e9, bien moins, du fait des obstacles multiples qui se dressent sur leur parcours d'engagement citoyen et militant : inaccessibilit\u00e9, repr\u00e9sentations et comportements validistes, insuffisance des financements de la compensation de leurs handicaps. Dans le cadre du projet de recherche\u2026","rel":"","context":"Dans &quot;Handicap&quot;","block_context":{"text":"Handicap","link":"https:\/\/observatoirevalidismepolitique.fr\/index.php\/category\/handicap\/"},"img":{"alt_text":"Couverture du livret Handeo pour une accessibilit\u00e9 universelle des activit\u00e9s politiques et partisanes, livret \u00e0 destination des partis politiques","src":"https:\/\/i0.wp.com\/observatoirevalidismepolitique.fr\/wp-content\/uploads\/2025\/11\/Handeo_251117_livret-a-destination-partis.jpg?fit=362%2C572&ssl=1&resize=350%2C200","width":350,"height":200},"classes":[]},{"id":235,"url":"https:\/\/observatoirevalidismepolitique.fr\/index.php\/2025\/03\/17\/burn-out-autistique-dune-elue-handicapee-faute-damenagements-raisonnables\/","url_meta":{"origin":390,"position":5},"title":"Burn out autistique d&rsquo;une \u00e9lue handicap\u00e9e faute d&rsquo;am\u00e9nagements raisonnables","author":"admin9931","date":"17 mars 2025","format":false,"excerpt":"Depuis son \u00e9lection en 2020 comme \u00e9lue municipale et m\u00e9tropolitaine \u00e0 Toulouse, Odile Maurin a d\u00fb faire face \u00e0 une pression insoutenable. En l\u2019absence des am\u00e9nagements raisonnables n\u00e9cessaires \u00e0 l\u2019exercice de son mandat, elle a subi plusieurs burn-out en 2024. Aujourd\u2019hui, elle se retrouve contrainte d\u2019envisager sa d\u00e9mission, et son\u2026","rel":"","context":"Dans &quot;Handicap&quot;","block_context":{"text":"Handicap","link":"https:\/\/observatoirevalidismepolitique.fr\/index.php\/category\/handicap\/"},"img":{"alt_text":"Capture d'\u00e9cran du live d'Odile Maurin annon\u00e7ant son burnout avec le titre : En burn-out faute de moyens en tant qu\u2019\u00e9lue handicap\u00e9e, ma candidature en 2026 remise en question ?","src":"https:\/\/i0.wp.com\/observatoirevalidismepolitique.fr\/wp-content\/uploads\/2025\/03\/2025-03-12-172925.png?fit=930%2C523&ssl=1&resize=350%2C200","width":350,"height":200,"srcset":"https:\/\/i0.wp.com\/observatoirevalidismepolitique.fr\/wp-content\/uploads\/2025\/03\/2025-03-12-172925.png?fit=930%2C523&ssl=1&resize=350%2C200 1x, https:\/\/i0.wp.com\/observatoirevalidismepolitique.fr\/wp-content\/uploads\/2025\/03\/2025-03-12-172925.png?fit=930%2C523&ssl=1&resize=525%2C300 1.5x, https:\/\/i0.wp.com\/observatoirevalidismepolitique.fr\/wp-content\/uploads\/2025\/03\/2025-03-12-172925.png?fit=930%2C523&ssl=1&resize=700%2C400 2x"},"classes":[]}],"jetpack_likes_enabled":true,"jetpack_sharing_enabled":true,"_links":{"self":[{"href":"https:\/\/observatoirevalidismepolitique.fr\/index.php\/wp-json\/wp\/v2\/posts\/390","targetHints":{"allow":["GET"]}}],"collection":[{"href":"https:\/\/observatoirevalidismepolitique.fr\/index.php\/wp-json\/wp\/v2\/posts"}],"about":[{"href":"https:\/\/observatoirevalidismepolitique.fr\/index.php\/wp-json\/wp\/v2\/types\/post"}],"author":[{"embeddable":true,"href":"https:\/\/observatoirevalidismepolitique.fr\/index.php\/wp-json\/wp\/v2\/users\/1"}],"replies":[{"embeddable":true,"href":"https:\/\/observatoirevalidismepolitique.fr\/index.php\/wp-json\/wp\/v2\/comments?post=390"}],"version-history":[{"count":6,"href":"https:\/\/observatoirevalidismepolitique.fr\/index.php\/wp-json\/wp\/v2\/posts\/390\/revisions"}],"predecessor-version":[{"id":408,"href":"https:\/\/observatoirevalidismepolitique.fr\/index.php\/wp-json\/wp\/v2\/posts\/390\/revisions\/408"}],"wp:featuredmedia":[{"embeddable":true,"href":"https:\/\/observatoirevalidismepolitique.fr\/index.php\/wp-json\/wp\/v2\/media\/407"}],"wp:attachment":[{"href":"https:\/\/observatoirevalidismepolitique.fr\/index.php\/wp-json\/wp\/v2\/media?parent=390"}],"wp:term":[{"taxonomy":"category","embeddable":true,"href":"https:\/\/observatoirevalidismepolitique.fr\/index.php\/wp-json\/wp\/v2\/categories?post=390"},{"taxonomy":"post_tag","embeddable":true,"href":"https:\/\/observatoirevalidismepolitique.fr\/index.php\/wp-json\/wp\/v2\/tags?post=390"}],"curies":[{"name":"wp","href":"https:\/\/api.w.org\/{rel}","templated":true}]}}