{"id":384,"date":"2025-11-18T16:27:27","date_gmt":"2025-11-18T15:27:27","guid":{"rendered":"https:\/\/observatoirevalidismepolitique.fr\/?p=384"},"modified":"2026-03-17T15:18:25","modified_gmt":"2026-03-17T14:18:25","slug":"guide-handeo-pour-participer-a-la-vie-politique","status":"publish","type":"post","link":"https:\/\/observatoirevalidismepolitique.fr\/index.php\/2025\/11\/18\/guide-handeo-pour-participer-a-la-vie-politique\/","title":{"rendered":"Guide Handeo pour participer \u00e0 la vie politique"},"content":{"rendered":"\n<p>Moins de 1% d&rsquo;\u00e9luEs en situation de handicap et en r\u00e9alit\u00e9, bien moins, du fait des obstacles multiples qui se dressent sur leur parcours d&rsquo;engagement citoyen et militant : <strong>inaccessibilit\u00e9, repr\u00e9sentations et comportements validistes, insuffisance des financements de la compensation de leurs handicaps.<\/strong><\/p>\n\n\n\n<p><\/p>\n\n\n\n<p>Dans le cadre du projet de recherche participative <a href=\"https:\/\/www.handeo.fr\/?ressources=projet-de-recherche-handippolitique\" target=\"_blank\" rel=\"noreferrer noopener\">HandiPPolitique<\/a> Handicap et Participation politique (2023-2027),<strong>&nbsp;<\/strong>un premier guide a \u00e9t\u00e9 publi\u00e9 \u00e0 destination des personnes handicap\u00e9es souhaitant s&rsquo;engager.<\/p>\n\n\n\n<p><a href=\"https:\/\/www.handeo.fr\/?ressources=guide-repere-pour-sengager-en-politique\">Guide :\u202fRep\u00e8res pour s\u2019engager en politique &#8211; Hand\u00e9o<\/a><\/p>\n\n\n\n<p><\/p>\n\n\n\n<p>Un second guide pratique est \u00e9galement paru, <strong>\u00e0 l&rsquo;adresse cette fois des partis et formations politiques, pour qu&rsquo;ils facilitent le parcours militant et les candidatures de personnes handicap\u00e9es<\/strong> :\u00a0<a href=\"https:\/\/www.handeo.fr\/?ressources=livret-handeo-pour-une-accessibilite-universelle-des-activites-politiques-et-partisanes-a-destination-des-partis-politiques\" target=\"_blank\" rel=\"noreferrer noopener\">https:\/\/www.handeo.fr\/?ressources=livret-handeo-pour-une-accessibilite-universelle-des-activites-politiques-et-partisanes-a-destination-des-partis-politiques<\/a><\/p>\n\n\n\n<p><\/p>\n\n\n\n<p><strong>Plusieurs membres de l&rsquo;Observatoire du validisme en politique y ont contribu\u00e9<\/strong> et nous soutenons donc leur diffusion, pour une meilleure information des militantEs handicap\u00e9Es et leur pleine participation politique, qui est un enjeu d\u00e9mocratique.<\/p>\n\n\n\n<p><\/p>\n\n\n\n<p>Nous continuons par ailleurs de demander, dans le cadre de l&rsquo;examen en cours de la proposition de loi sur le statut de l&rsquo;\u00e9lu local :<\/p>\n\n\n\n<p>Un <strong>fonds national <\/strong>pour conseiller et financer les d\u00e9penses de compensation pendant la campagne et le mandat. Ces d\u00e9penses ne doivent incomber ni au parti, ni \u00e0 la collectivit\u00e9, ni au candidat ou \u00e9lu handicap\u00e9.&nbsp;<\/p>\n\n\n\n<p><\/p>\n\n\n\n<p>Une <strong>compensation int\u00e9grale<\/strong> incluant tous les am\u00e9nagements raisonnables quel que soit le type de handicap, sans plafond.<\/p>\n\n\n\n<p><\/p>\n\n\n\n<p>La <strong>prise en compte de toutes les activit\u00e9s<\/strong> de l\u2019\u00e9lu handicap\u00e9. La journ\u00e9e d\u2019un \u00e9lu ne se limite pas aux conseils et commissions obligatoires.&nbsp;<\/p>\n\n\n\n<p><\/p>\n\n\n\n<p>C&rsquo;est ainsi que l&rsquo;Observatoire du validisme en politique a aussi contribu\u00e9 aux travaux de l&rsquo;Assembl\u00e9e nationale et du S\u00e9nat sur le projet de loi de statut de l&rsquo;\u00e9lu local, pour lequel nous avons obtenu un certain nombre d&rsquo;amendements qui \u00e9largissent le cadre existant pour permettre une meilleure compensation du handicap. Il reste encore du chemin \u00e0 faire pour d\u00e9plafonner les moyens de compensation pour permettre l&rsquo;\u00e9galit\u00e9 entre les diff\u00e9rentes situations de handicap.<\/p>\n\n\n\n<p><\/p>\n\n\n\n<p>L&rsquo;Observatoire du validisme en politique<\/p>\n","protected":false},"excerpt":{"rendered":"<p>Moins de 1% d&rsquo;\u00e9luEs en situation de handicap et en r\u00e9alit\u00e9, bien moins, du fait des obstacles multiples qui se dressent sur leur parcours d&rsquo;engagement citoyen et militant : inaccessibilit\u00e9, repr\u00e9sentations et comportements validistes, insuffisance des financements de la compensation de leurs handicaps. Dans le cadre du projet de recherche participative HandiPPolitique Handicap et Participation [&hellip;]<\/p>\n","protected":false},"author":1,"featured_media":411,"comment_status":"open","ping_status":"open","sticky":false,"template":"","format":"standard","meta":{"jetpack_post_was_ever_published":false,"_jetpack_newsletter_access":"","_jetpack_dont_email_post_to_subs":true,"_jetpack_newsletter_tier_id":0,"_jetpack_memberships_contains_paywalled_content":false,"_jetpack_memberships_contains_paid_content":false,"footnotes":"","jetpack_publicize_message":"","jetpack_publicize_feature_enabled":true,"jetpack_social_post_already_shared":true,"jetpack_social_options":{"image_generator_settings":{"template":"highway","default_image_id":0,"font":"","enabled":false},"version":2}},"categories":[4,5],"tags":[],"class_list":["post-384","post","type-post","status-publish","format-standard","has-post-thumbnail","hentry","category-handicap","category-politique"],"jetpack_publicize_connections":[],"jetpack_featured_media_url":"https:\/\/i0.wp.com\/observatoirevalidismepolitique.fr\/wp-content\/uploads\/2025\/11\/Handeo_251117_livret-a-destination-partis.jpg?fit=362%2C572&ssl=1","jetpack-related-posts":[{"id":217,"url":"https:\/\/observatoirevalidismepolitique.fr\/index.php\/2024\/12\/06\/table-ronde-sur-le-handicap-au-pouvoir-de-cyril-desjeux-avec-la-chaine-ppr-autonomie\/","url_meta":{"origin":384,"position":0},"title":"Table ronde sur \u00ab\u00a0Le handicap au pouvoir\u00a0\u00bb de Cyril Desjeux avec la chaine PPR Autonomie","author":"admin9931","date":"6 d\u00e9cembre 2024","format":false,"excerpt":"Fatima Khallouk et Odile Maurin sont intervenues ce vendredi 6 d\u00e9cembre 2024 sur la chaine Youtube de l'Actualit\u00e9 de la recherche du CNRS et du PPR autonomie pour commenter la sortie du livre de Cyril Desjeux sociologue qui travaille sur la participation politique des personnes handicap\u00e9es. Quels sont les obstacles\u2026","rel":"","context":"Dans &quot;Handicap&quot;","block_context":{"text":"Handicap","link":"https:\/\/observatoirevalidismepolitique.fr\/index.php\/category\/handicap\/"},"img":{"alt_text":"","src":"https:\/\/i0.wp.com\/img.youtube.com\/vi\/\/0.jpg?resize=350%2C200","width":350,"height":200},"classes":[]},{"id":253,"url":"https:\/\/observatoirevalidismepolitique.fr\/index.php\/2025\/07\/08\/002-delus-handicapes-alors-que-16-de-la-population-a-un-handicap-tolerable-dans-une-nation-democratique\/","url_meta":{"origin":384,"position":1},"title":"0,02% d&rsquo;\u00e9lus handicap\u00e9s alors que 16% de la population a un handicap : tol\u00e9rable dans une nation d\u00e9mocratique ?\u00a0","author":"admin9931","date":"8 juillet 2025","format":false,"excerpt":"Tribune de l'Observatoire du validisme en politique sur le scandale d\u00e9mocratique de l'absence de moyens de participation des personnes handicap\u00e9es aux fonctions \u00e9lectives","rel":"","context":"Dans &quot;Handicap&quot;","block_context":{"text":"Handicap","link":"https:\/\/observatoirevalidismepolitique.fr\/index.php\/category\/handicap\/"},"img":{"alt_text":"Capture d'\u00e9cran du site du S\u00e9nat avec la proposition de loi sur le statut de l'\u00e9lu local et la mention manuscrite : 0,02 % d'\u00e9lus handicap\u00e9s pour 16 % de la population. Deux points tol\u00e9rables ?","src":"https:\/\/i0.wp.com\/observatoirevalidismepolitique.fr\/wp-content\/uploads\/2025\/07\/250707_OVP_amendts-statut-elu-local_handi.png?fit=800%2C600&ssl=1&resize=350%2C200","width":350,"height":200,"srcset":"https:\/\/i0.wp.com\/observatoirevalidismepolitique.fr\/wp-content\/uploads\/2025\/07\/250707_OVP_amendts-statut-elu-local_handi.png?fit=800%2C600&ssl=1&resize=350%2C200 1x, https:\/\/i0.wp.com\/observatoirevalidismepolitique.fr\/wp-content\/uploads\/2025\/07\/250707_OVP_amendts-statut-elu-local_handi.png?fit=800%2C600&ssl=1&resize=525%2C300 1.5x, https:\/\/i0.wp.com\/observatoirevalidismepolitique.fr\/wp-content\/uploads\/2025\/07\/250707_OVP_amendts-statut-elu-local_handi.png?fit=800%2C600&ssl=1&resize=700%2C400 2x"},"classes":[]},{"id":373,"url":"https:\/\/observatoirevalidismepolitique.fr\/index.php\/2025\/10\/08\/communique-pour-des-conseils-municipaux-representatifs-de-la-diversite-de-la-population-stop-au-validisme-en-politique\/","url_meta":{"origin":384,"position":2},"title":"Communiqu\u00e9\u00a0: pour des conseils municipaux repr\u00e9sentatifs de la diversit\u00e9 de la population, stop au validisme en politique\u00a0!","author":"admin9931","date":"8 octobre 2025","format":false,"excerpt":"L\u2019Observatoire du validisme en politique[1] apporte son soutien \u00e0 Odile Maurin, \u00e9lue d\u2019opposition au Conseil municipal de Toulouse, suite \u00e0 l\u2019incident ayant provoqu\u00e9 une interruption de s\u00e9ance lors du Conseil du 26 septembre[2]. Cet \u00e9pisode est l\u2019aboutissement insupportable de plus de cinq ann\u00e9es de mandat au cours desquelles cette \u00e9lue\u2026","rel":"","context":"Dans &quot;Validisme&quot;","block_context":{"text":"Validisme","link":"https:\/\/observatoirevalidismepolitique.fr\/index.php\/category\/validisme\/"},"img":{"alt_text":"Capture d'\u00e9cran d'un extrait du Conseil municipal du 26 septembre 2025 de Toulouse, o\u00f9 l'on voit une \u00e9lue handicap\u00e9e venue \u00e0 la tribune pour demander la parole apr\u00e8s un \u00e9ni\u00e8me \u00e9pisode de censure, et qui se voit arracher le micro des mains apr\u00e8s avoir tent\u00e9 de prendre le micro pour r\u00e9pondre au maire.","src":"https:\/\/i0.wp.com\/observatoirevalidismepolitique.fr\/wp-content\/uploads\/2025\/10\/250926_Youtube_capture-micro3_ss-text.png?fit=1050%2C578&ssl=1&resize=350%2C200","width":350,"height":200,"srcset":"https:\/\/i0.wp.com\/observatoirevalidismepolitique.fr\/wp-content\/uploads\/2025\/10\/250926_Youtube_capture-micro3_ss-text.png?fit=1050%2C578&ssl=1&resize=350%2C200 1x, https:\/\/i0.wp.com\/observatoirevalidismepolitique.fr\/wp-content\/uploads\/2025\/10\/250926_Youtube_capture-micro3_ss-text.png?fit=1050%2C578&ssl=1&resize=525%2C300 1.5x, https:\/\/i0.wp.com\/observatoirevalidismepolitique.fr\/wp-content\/uploads\/2025\/10\/250926_Youtube_capture-micro3_ss-text.png?fit=1050%2C578&ssl=1&resize=700%2C400 2x, https:\/\/i0.wp.com\/observatoirevalidismepolitique.fr\/wp-content\/uploads\/2025\/10\/250926_Youtube_capture-micro3_ss-text.png?fit=1050%2C578&ssl=1&resize=1050%2C600 3x"},"classes":[]},{"id":1,"url":"https:\/\/observatoirevalidismepolitique.fr\/index.php\/2024\/05\/29\/notre-tribune-dans-liberation-a-signer\/","url_meta":{"origin":384,"position":3},"title":"Notre tribune dans Lib\u00e9ration \u00e0 signer : Violences validistes sur les \u00e9lues et \u00e9lus handicap\u00e9s","author":"admin9931","date":"29 mai 2024","format":false,"excerpt":"Ce 21 juin 2024, Lib\u00e9ration a publi\u00e9 notre tribune d\u00e9sormais ouverte \u00e0 signature publique apr\u00e8s 272 premi\u00e8res signatures d'\u00e9lus et militants :","rel":"","context":"Dans &quot;Politique&quot;","block_context":{"text":"Politique","link":"https:\/\/observatoirevalidismepolitique.fr\/index.php\/category\/politique\/"},"img":{"alt_text":"","src":"https:\/\/i0.wp.com\/observatoirevalidismepolitique.fr\/wp-content\/uploads\/2024\/07\/24-07-10-121601.png?fit=456%2C652&ssl=1&resize=350%2C200","width":350,"height":200},"classes":[]},{"id":390,"url":"https:\/\/observatoirevalidismepolitique.fr\/index.php\/2026\/03\/14\/interviews-observatoire-et-membres\/","url_meta":{"origin":384,"position":4},"title":"Interviews de l&rsquo;Observatoire et de ses membres","author":"admin9931","date":"14 mars 2026","format":false,"excerpt":"Articles de mars 2026 sur l'Observatoire du Validisme en Politique et certaines de ses membres dont Odile Maurin et Audrey Henocque sur le statut de l'\u00e9lu local et ce \u00e0 quoi elles sont confront\u00e9es","rel":"","context":"Dans &quot;Handicap&quot;","block_context":{"text":"Handicap","link":"https:\/\/observatoirevalidismepolitique.fr\/index.php\/category\/handicap\/"},"img":{"alt_text":"Capture d'\u00e9cran de l'article de Lib\u00e9ration avec les photos d'Autret et H\u00e9nocque, premi\u00e8re adjointe \u00e0 Lyon. De Julien Compan, conseiller municipal \u00e0 Massy et Odile Maurin, \u00e9lue de l'opposition \u00e0 Toulouse avec le titre \u00ab T\u00e9moignage : les habitudes politiques sont calqu\u00e9es sur des normes valides \u00bb. 2.3 \u00c9lus municipaux handicap\u00e9s t\u00e9moignent","src":"https:\/\/i0.wp.com\/observatoirevalidismepolitique.fr\/wp-content\/uploads\/2026\/03\/260310_Liberation-3-elus-handi.jpg?fit=802%2C768&ssl=1&resize=350%2C200","width":350,"height":200,"srcset":"https:\/\/i0.wp.com\/observatoirevalidismepolitique.fr\/wp-content\/uploads\/2026\/03\/260310_Liberation-3-elus-handi.jpg?fit=802%2C768&ssl=1&resize=350%2C200 1x, https:\/\/i0.wp.com\/observatoirevalidismepolitique.fr\/wp-content\/uploads\/2026\/03\/260310_Liberation-3-elus-handi.jpg?fit=802%2C768&ssl=1&resize=525%2C300 1.5x, https:\/\/i0.wp.com\/observatoirevalidismepolitique.fr\/wp-content\/uploads\/2026\/03\/260310_Liberation-3-elus-handi.jpg?fit=802%2C768&ssl=1&resize=700%2C400 2x"},"classes":[]},{"id":225,"url":"https:\/\/observatoirevalidismepolitique.fr\/index.php\/2025\/02\/20\/audrey-henocque-et-odile-maurin-dans-la-presse-sur-handicap-et-elues\/","url_meta":{"origin":384,"position":5},"title":"Audrey Henocque et Odile Maurin dans la presse sur handicap et \u00e9lues","author":"admin9931","date":"20 f\u00e9vrier 2025","format":false,"excerpt":"2 articles en ce d\u00e9but d'ann\u00e9e 2025 qui parlent des fondatrices de l'Observatoire et de leur r\u00f4le d'\u00e9lue 29\/1\/25 : Courrier des Maires : En 2026, l\u2019espoir d\u2019un renouveau \u00e9lectoral et politique de la cause du handicap Les freins \u00e0 l\u2019engagement citoyen sont nombreux pour les personnes en situation de\u2026","rel":"","context":"Dans &quot;Handicap&quot;","block_context":{"text":"Handicap","link":"https:\/\/observatoirevalidismepolitique.fr\/index.php\/category\/handicap\/"},"img":{"alt_text":"","src":"https:\/\/i0.wp.com\/observatoirevalidismepolitique.fr\/wp-content\/uploads\/2025\/02\/Capture-decran-2025-02-20-205639.jpg?resize=350%2C200&ssl=1","width":350,"height":200,"srcset":"https:\/\/i0.wp.com\/observatoirevalidismepolitique.fr\/wp-content\/uploads\/2025\/02\/Capture-decran-2025-02-20-205639.jpg?resize=350%2C200&ssl=1 1x, https:\/\/i0.wp.com\/observatoirevalidismepolitique.fr\/wp-content\/uploads\/2025\/02\/Capture-decran-2025-02-20-205639.jpg?resize=525%2C300&ssl=1 1.5x, https:\/\/i0.wp.com\/observatoirevalidismepolitique.fr\/wp-content\/uploads\/2025\/02\/Capture-decran-2025-02-20-205639.jpg?resize=700%2C400&ssl=1 2x"},"classes":[]}],"jetpack_likes_enabled":true,"jetpack_sharing_enabled":true,"_links":{"self":[{"href":"https:\/\/observatoirevalidismepolitique.fr\/index.php\/wp-json\/wp\/v2\/posts\/384","targetHints":{"allow":["GET"]}}],"collection":[{"href":"https:\/\/observatoirevalidismepolitique.fr\/index.php\/wp-json\/wp\/v2\/posts"}],"about":[{"href":"https:\/\/observatoirevalidismepolitique.fr\/index.php\/wp-json\/wp\/v2\/types\/post"}],"author":[{"embeddable":true,"href":"https:\/\/observatoirevalidismepolitique.fr\/index.php\/wp-json\/wp\/v2\/users\/1"}],"replies":[{"embeddable":true,"href":"https:\/\/observatoirevalidismepolitique.fr\/index.php\/wp-json\/wp\/v2\/comments?post=384"}],"version-history":[{"count":3,"href":"https:\/\/observatoirevalidismepolitique.fr\/index.php\/wp-json\/wp\/v2\/posts\/384\/revisions"}],"predecessor-version":[{"id":387,"href":"https:\/\/observatoirevalidismepolitique.fr\/index.php\/wp-json\/wp\/v2\/posts\/384\/revisions\/387"}],"wp:featuredmedia":[{"embeddable":true,"href":"https:\/\/observatoirevalidismepolitique.fr\/index.php\/wp-json\/wp\/v2\/media\/411"}],"wp:attachment":[{"href":"https:\/\/observatoirevalidismepolitique.fr\/index.php\/wp-json\/wp\/v2\/media?parent=384"}],"wp:term":[{"taxonomy":"category","embeddable":true,"href":"https:\/\/observatoirevalidismepolitique.fr\/index.php\/wp-json\/wp\/v2\/categories?post=384"},{"taxonomy":"post_tag","embeddable":true,"href":"https:\/\/observatoirevalidismepolitique.fr\/index.php\/wp-json\/wp\/v2\/tags?post=384"}],"curies":[{"name":"wp","href":"https:\/\/api.w.org\/{rel}","templated":true}]}}