{"id":253,"date":"2025-07-08T13:55:00","date_gmt":"2025-07-08T11:55:00","guid":{"rendered":"https:\/\/observatoirevalidismepolitique.fr\/?p=253"},"modified":"2025-07-12T11:26:41","modified_gmt":"2025-07-12T09:26:41","slug":"002-delus-handicapes-alors-que-16-de-la-population-a-un-handicap-tolerable-dans-une-nation-democratique","status":"publish","type":"post","link":"https:\/\/observatoirevalidismepolitique.fr\/index.php\/2025\/07\/08\/002-delus-handicapes-alors-que-16-de-la-population-a-un-handicap-tolerable-dans-une-nation-democratique\/","title":{"rendered":"0,02% d&rsquo;\u00e9lus handicap\u00e9s alors que 16% de la population a un handicap : tol\u00e9rable dans une nation d\u00e9mocratique ?\u00a0"},"content":{"rendered":"\n<h2 class=\"wp-block-heading alignwide has-yellow-background-color has-background has-medium-font-size\">Tribune du 8 juillet 2025 : 0,02% d&rsquo;\u00e9lus handicap\u00e9s alors que 16% de la population a un handicap : tol\u00e9rable dans une nation d\u00e9mocratique ?&nbsp;<\/h2>\n\n\n\n<p>Le Parlement s\u2019appr\u00eate \u00e0 voter une <strong>proposition de loi cr\u00e9ant un statut de l&rsquo;\u00e9lu local.<\/strong> Cette occasion rare pourrait constituer une avanc\u00e9e d\u00e9mocratique majeure si elle permettait enfin aux citoyens handicap\u00e9s d&rsquo;\u00eatre candidats et d&rsquo;exercer un mandat dans des conditions d&rsquo;\u00e9galit\u00e9.&nbsp;<\/p>\n\n\n\n<p>Les textes actuels freinent l&rsquo;entr\u00e9e en politique des personnes handicap\u00e9es et, quand elles sont \u00e9lues, ne leur permettent pas de mener leur mandat \u00e0 \u00e9galit\u00e9 avec les autres \u00e9lus.&nbsp;<\/p>\n\n\n\n<p><strong>Trois imp\u00e9ratifs indispensables<\/strong><strong><\/strong>&nbsp;<\/p>\n\n\n\n<p>Un <strong>fonds national <\/strong>pour conseiller et financer les d\u00e9penses de compensation pendant la campagne et le mandat. Ces d\u00e9penses ne doivent incomber ni au parti, ni \u00e0 la collectivit\u00e9, ni au candidat ou \u00e9lu handicap\u00e9.&nbsp;<\/p>\n\n\n\n<p>Une <strong>compensation int\u00e9grale<\/strong> incluant tous les am\u00e9nagements raisonnables quel que soit le type de handicap. Un plafond cr\u00e9erait des discriminations entre handicaps.&nbsp;<\/p>\n\n\n\n<p>La <strong>prise en compte de toutes les activit\u00e9s<\/strong> de l&rsquo;\u00e9lu handicap\u00e9. La journ\u00e9e d&rsquo;un \u00e9lu ne se limite pas aux conseils et commissions obligatoires.&nbsp;<\/p>\n\n\n\n<p><strong>Une sous-repr\u00e9sentation inacceptable<\/strong><strong><\/strong>&nbsp;<\/p>\n\n\n\n<p>L&rsquo;\u00e9tude HandiPPolitique r\u00e9v\u00e8le que 0,02% des \u00e9lus sont handicap\u00e9s, contre 16% de la population selon l&rsquo;OMS. Cette sous-repr\u00e9sentation massive est indigne d&rsquo;un pays d\u00e9mocratique. Ces \u00e9lus sont en outre concentr\u00e9s \u00e0 l\u2019\u00e9chelon municipal, rares sont ceux qui parviennent \u00e0 la repr\u00e9sentation nationale.&nbsp;<\/p>\n\n\n\n<p>Atteindre une repr\u00e9sentation juste constitue une question de droit et de non-discrimination, garantissant que les personnes handicap\u00e9es puissent contribuer aux d\u00e9cisions qui les concernent.&nbsp;<\/p>\n\n\n\n<p><strong>Un co\u00fbt d\u00e9risoire<\/strong><strong><\/strong>&nbsp;<\/p>\n\n\n\n<p>La question financi\u00e8re ne peut faire obstacle \u00e0 ce progr\u00e8s Les rares cas co\u00fbteux constituent des d\u00e9penses marginales. L&rsquo;Observatoire du validisme en politique s&rsquo;inqui\u00e8te d&rsquo;arbitrages&nbsp;qui maintiennent l&rsquo;exclusion des personnes handicap\u00e9es des mandats \u00e9lectifs.&nbsp;<\/p>\n\n\n\n<p>Le handicap n&rsquo;est pas une question m\u00e9dicale, mais de droits humains. Ce qui emp\u00eache notre participation, ce ne sont pas nos d\u00e9ficiences, mais les barri\u00e8res que la soci\u00e9t\u00e9 dresse sur nos routes.&nbsp;<\/p>\n\n\n\n<p>Les membres de l&rsquo;Observatoire du Validisme en Politique : <\/p>\n\n\n\n<p>Anne-Sophie Dujancourt, conseill\u00e8re municipale de St Quentin (02)<\/p>\n\n\n\n<p>Manon Doyelle, cheffe de file des municipales \u00e0 Bron (69)<\/p>\n\n\n\n<p>Audrey Henocque, Premi\u00e8re adjointe au maire de Lyon (69),<\/p>\n\n\n\n<p>Fatima Khallouk, adjointe au maire d&rsquo;Alfortville (94)<\/p>\n\n\n\n<p>Odile Maurin, Conseill\u00e8re municipale et m\u00e9tropolitaine de Toulouse (31),<\/p>\n\n\n\n<p>S\u00e9bastien Peytavie, d\u00e9put\u00e9 de la Dordogne (46),<\/p>\n\n\n\n<p>Marie Pieron, adjointe au maire d\u2019Ivry sur Seine et conseill\u00e8re territoriale du Grand Orly Seine Bievre (94)<\/p>\n\n\n\n<hr class=\"wp-block-separator has-alpha-channel-opacity\"\/>\n\n\n\n<p><strong>Notre tribune publi\u00e9e dans le journal l&rsquo;Humanit\u00e9 :<\/strong><\/p>\n\n\n\n<figure class=\"wp-block-image size-large\"><img data-recalc-dims=\"1\" loading=\"lazy\" decoding=\"async\" width=\"800\" height=\"525\" src=\"https:\/\/i0.wp.com\/observatoirevalidismepolitique.fr\/wp-content\/uploads\/2025\/07\/LHumanite_250708_capture-ecran-tribune-OVP.jpg?resize=800%2C525&#038;ssl=1\" alt=\"\" class=\"wp-image-297\" srcset=\"https:\/\/i0.wp.com\/observatoirevalidismepolitique.fr\/wp-content\/uploads\/2025\/07\/LHumanite_250708_capture-ecran-tribune-OVP.jpg?resize=1024%2C672&amp;ssl=1 1024w, https:\/\/i0.wp.com\/observatoirevalidismepolitique.fr\/wp-content\/uploads\/2025\/07\/LHumanite_250708_capture-ecran-tribune-OVP.jpg?resize=300%2C197&amp;ssl=1 300w, https:\/\/i0.wp.com\/observatoirevalidismepolitique.fr\/wp-content\/uploads\/2025\/07\/LHumanite_250708_capture-ecran-tribune-OVP.jpg?resize=768%2C504&amp;ssl=1 768w, https:\/\/i0.wp.com\/observatoirevalidismepolitique.fr\/wp-content\/uploads\/2025\/07\/LHumanite_250708_capture-ecran-tribune-OVP.jpg?resize=1536%2C1008&amp;ssl=1 1536w, https:\/\/i0.wp.com\/observatoirevalidismepolitique.fr\/wp-content\/uploads\/2025\/07\/LHumanite_250708_capture-ecran-tribune-OVP.jpg?resize=640%2C420&amp;ssl=1 640w, https:\/\/i0.wp.com\/observatoirevalidismepolitique.fr\/wp-content\/uploads\/2025\/07\/LHumanite_250708_capture-ecran-tribune-OVP.jpg?resize=1200%2C788&amp;ssl=1 1200w, https:\/\/i0.wp.com\/observatoirevalidismepolitique.fr\/wp-content\/uploads\/2025\/07\/LHumanite_250708_capture-ecran-tribune-OVP.jpg?resize=1320%2C866&amp;ssl=1 1320w, https:\/\/i0.wp.com\/observatoirevalidismepolitique.fr\/wp-content\/uploads\/2025\/07\/LHumanite_250708_capture-ecran-tribune-OVP.jpg?w=1920&amp;ssl=1 1920w, https:\/\/i0.wp.com\/observatoirevalidismepolitique.fr\/wp-content\/uploads\/2025\/07\/LHumanite_250708_capture-ecran-tribune-OVP.jpg?w=1600&amp;ssl=1 1600w\" sizes=\"auto, (max-width: 800px) 100vw, 800px\" \/><\/figure>\n\n\n\n<p><a href=\"https:\/\/www.humanite.fr\/en-debat\/handicap\/statut-de-lelu-la-compensation-du-handicap?utm_source=flipboard&amp;utm_content=topic\/fr-soci%C3%A9t%C3%A9\">https:\/\/www.humanite.fr\/en-debat\/handicap\/statut-de-lelu-la-compensation-du-handicap?utm_source=flipboard&amp;utm_content=topic\/fr-soci%C3%A9t%C3%A9<\/a><\/p>\n\n\n\n<hr class=\"wp-block-separator has-alpha-channel-opacity\"\/>\n\n\n\n<p><strong>Analyse, remarques et propositions d&rsquo;amendements de l&rsquo;Observatoire du validisme en politique sur la PPL Statut de l&rsquo;\u00e9lu local, document du 9 juin 2025, transmis \u00e0 des parlementaires et des s\u00e9nateurs.<\/strong><\/p>\n\n\n\n<div id=\"amendts\" class=\"wp-block-file\"><a id=\"wp-block-file--media-4ea06f9b-6547-40db-8e1e-52be25cb0566\" href=\"https:\/\/observatoirevalidismepolitique.fr\/wp-content\/uploads\/2025\/07\/OVP_250608_Senat_PPL-statut-elu-votee-Senat-7mars25_amendements-proposes.pdf\" target=\"_blank\" rel=\"noreferrer noopener\">OVP_250608_S\u00e9nat_PPL statut \u00e9lu vot\u00e9e S\u00e9nat 7mars25_amendements propos\u00e9s<\/a><a href=\"https:\/\/observatoirevalidismepolitique.fr\/wp-content\/uploads\/2025\/07\/OVP_250608_Senat_PPL-statut-elu-votee-Senat-7mars25_amendements-proposes.pdf\" class=\"wp-block-file__button wp-element-button\" download aria-describedby=\"wp-block-file--media-4ea06f9b-6547-40db-8e1e-52be25cb0566\">T\u00e9l\u00e9charger<\/a><\/div>\n\n\n\n<hr class=\"wp-block-separator has-alpha-channel-opacity\"\/>\n\n\n\n<p><strong>Lien vers la s\u00e9ance publique de l&rsquo;Assembl\u00e9e nationale du mercredi 9 juillet 2025 <\/strong>avec la vid\u00e9o de la deuxi\u00e8me s\u00e9ance concernant la cr\u00e9ation d&rsquo;un statut de l&rsquo;\u00e9lu local o\u00f9 on peut retrouver les interventions de S\u00e9bastien Peytavie et aussi de Mme Violette Spillebout<\/p>\n\n\n\n<p><a href=\"https:\/\/videos.assemblee-nationale.fr\/video.17284329_686ebfc969644.2eme-seance--creation-d-un-statut-de-l-elu-local-suite-9-juillet-2025\">https:\/\/videos.assemblee-nationale.fr\/video.17284329_686ebfc969644.2eme-seance&#8211;creation-d-un-statut-de-l-elu-local-suite-9-juillet-2025<\/a><\/p>\n\n\n\n<hr class=\"wp-block-separator has-alpha-channel-opacity\"\/>\n\n\n\n<figure class=\"wp-block-embed is-type-rich is-provider-bluesky-social wp-block-embed-bluesky-social\"><div class=\"wp-block-embed__wrapper\">\n<blockquote class=\"bluesky-embed\" data-bluesky-uri=\"at:\/\/did:plc:jpinxfksnavdcj6wtuqnoezu\/app.bsky.feed.post\/3ltmp5kgbrg2n\" data-bluesky-cid=\"bafyreicxd2bk4zncqmdgqvc4ozgyf7aa5daued6rd7v4os26sh2up3ssl4\"><p>La proposition de loi sur le statut de l\u2019\u00e9lu local a \u00e9t\u00e9 adopt\u00e9e \u00e0 l\u2019Assembl\u00e9e.Je me suis battu pour garantir la pleine participation des personnes handicap\u00e9es \u00e0 la vie politique. \u2193<\/p>&mdash; <a href=\"https:\/\/bsky.app\/profile\/did:plc:jpinxfksnavdcj6wtuqnoezu?ref_src=embed\">S\u00e9bastien Peytavie (@peytavie.fr)<\/a> <a href=\"https:\/\/bsky.app\/profile\/did:plc:jpinxfksnavdcj6wtuqnoezu\/post\/3ltmp5kgbrg2n?ref_src=embed\">2025-07-10T15:59:24.583Z<\/a><\/blockquote><script async src=\"https:\/\/embed.bsky.app\/static\/embed.js\" charset=\"utf-8\"><\/script>\n<\/div><\/figure>\n\n\n\n<hr class=\"wp-block-separator has-alpha-channel-opacity\"\/>\n\n\n\n<p><strong>Post Linkedin de la d\u00e9put\u00e9e Violette Spillebout (Renaissance) rapporteure de la loi \u00e0 l&rsquo;Assembl\u00e9e :<\/strong><\/p>\n\n\n\n<p><a href=\"https:\/\/www.linkedin.com\/posts\/vspillebout_handicap-aezluslocaux-statutelulocal-activity-7348809015612579840-pYB5?utm_source=share&amp;utm_medium=member_desktop&amp;rcm=ACoAAAtK8vIB2u_ftpj7rp4WhpOT1nnUGvoJlak\">https:\/\/www.linkedin.com\/posts\/vspillebout_handicap-aezluslocaux-statutelulocal-activity-7348809015612579840-pYB5<\/a><\/p>\n\n\n\n<figure class=\"wp-block-image size-full\"><img data-recalc-dims=\"1\" loading=\"lazy\" decoding=\"async\" width=\"442\" height=\"808\" src=\"https:\/\/i0.wp.com\/observatoirevalidismepolitique.fr\/wp-content\/uploads\/2025\/07\/250710_Linkedin_Spillebout_handicap_elus-locaux.png?resize=442%2C808&#038;ssl=1\" alt=\"Capture d'\u00e9cran du poste LinkedIn de la d\u00e9put\u00e9e Violette Spillebout, \u00e9crivant : #Handicap #\u00c9lusLocaux. Ils sont encore trop peu nombreux dans nos conseils municipaux. Pourtant, des \u00e9lus en situation de handicap s'engagent chaque jour pour faire vivre la d\u00e9mocratie locale.\n\nAvec S\u00e9bastien Jumel et St\u00e9phane Delautrette, nous avons entendu leurs propositions : Audrey Henocque, Odile Maurin, Matthieu Annerau (association APHPP). \n\nGr\u00e2ce \u00e0 eux, nous avons \u00e9largi la prise en charge des frais li\u00e9s au handicap : am\u00e9nagement du poste de travail (y compris \u00e0 domicile), r\u00e9unions pr\u00e9paratoires, plafonds revaloris\u00e9s. \n\n\u00c0 la ligne, nous avons soutenu l'amendement du gouvernement et celui de S\u00e9bastien Peytavie sur les avances de frais, car il porte la voix de ceux qui savent. \n\n#Statuts\u00c9lusLocaux #Accessibilit\u00e9 #Engagement \" class=\"wp-image-300\" srcset=\"https:\/\/i0.wp.com\/observatoirevalidismepolitique.fr\/wp-content\/uploads\/2025\/07\/250710_Linkedin_Spillebout_handicap_elus-locaux.png?w=442&amp;ssl=1 442w, https:\/\/i0.wp.com\/observatoirevalidismepolitique.fr\/wp-content\/uploads\/2025\/07\/250710_Linkedin_Spillebout_handicap_elus-locaux.png?resize=164%2C300&amp;ssl=1 164w\" sizes=\"auto, (max-width: 442px) 100vw, 442px\" \/><\/figure>\n\n\n\n<hr class=\"wp-block-separator has-alpha-channel-opacity\"\/>\n\n\n\n<p><strong>Lien vers le site de l&rsquo;Assembl\u00e9e Nationale pour la Proposition de loi portant cr\u00e9ation d&rsquo;un statut de l&rsquo;\u00e9lu local :<\/strong><\/p>\n\n\n\n<p><a href=\"https:\/\/www.assemblee-nationale.fr\/dyn\/16\/dossiers\/DLR5L16N49280#AN1\">https:\/\/www.assemblee-nationale.fr\/dyn\/16\/dossiers\/DLR5L16N49280#AN1<\/a><\/p>\n\n\n\n<hr class=\"wp-block-separator has-alpha-channel-opacity\"\/>\n\n\n\n<p><strong>Illustrations des r\u00e9alit\u00e9s et entraves auxquelles nous pouvons \u00eatre confront\u00e9es:<\/strong><\/p>\n\n\n\n<p><a href=\"https:\/\/observatoirevalidismepolitique.fr\/index.php\/2025\/03\/17\/burn-out-autistique-dune-elue-handicapee-faute-damenagements-raisonnables\/\">Burn out autistique d\u2019une \u00e9lue handicap\u00e9e faute d\u2019am\u00e9nagements raisonnables \u2013 Observatoire du validisme en politique<\/a><\/p>\n","protected":false},"excerpt":{"rendered":"<p>Tribune de l&rsquo;Observatoire du validisme en politique sur le scandale d\u00e9mocratique de l&rsquo;absence de moyens de participation des personnes handicap\u00e9es aux fonctions \u00e9lectives <\/p>\n","protected":false},"author":1,"featured_media":254,"comment_status":"open","ping_status":"open","sticky":false,"template":"","format":"standard","meta":{"jetpack_post_was_ever_published":false,"_jetpack_newsletter_access":"","_jetpack_dont_email_post_to_subs":false,"_jetpack_newsletter_tier_id":0,"_jetpack_memberships_contains_paywalled_content":false,"_jetpack_memberships_contains_paid_content":false,"footnotes":"","jetpack_publicize_message":"","jetpack_publicize_feature_enabled":true,"jetpack_social_post_already_shared":true,"jetpack_social_options":{"image_generator_settings":{"template":"highway","default_image_id":0,"enabled":false},"version":2}},"categories":[4,5,3],"tags":[],"class_list":["post-253","post","type-post","status-publish","format-standard","has-post-thumbnail","hentry","category-handicap","category-politique","category-validisme"],"jetpack_publicize_connections":[],"jetpack_featured_media_url":"https:\/\/i0.wp.com\/observatoirevalidismepolitique.fr\/wp-content\/uploads\/2025\/07\/250707_OVP_amendts-statut-elu-local_handi.png?fit=800%2C600&ssl=1","jetpack-related-posts":[{"id":373,"url":"https:\/\/observatoirevalidismepolitique.fr\/index.php\/2025\/10\/08\/communique-pour-des-conseils-municipaux-representatifs-de-la-diversite-de-la-population-stop-au-validisme-en-politique\/","url_meta":{"origin":253,"position":0},"title":"Communiqu\u00e9\u00a0: pour des conseils municipaux repr\u00e9sentatifs de la diversit\u00e9 de la population, stop au validisme en politique\u00a0!","author":"admin9931","date":"8 octobre 2025","format":false,"excerpt":"L\u2019Observatoire du validisme en politique[1] apporte son soutien \u00e0 Odile Maurin, \u00e9lue d\u2019opposition au Conseil municipal de Toulouse, suite \u00e0 l\u2019incident ayant provoqu\u00e9 une interruption de s\u00e9ance lors du Conseil du 26 septembre[2]. Cet \u00e9pisode est l\u2019aboutissement insupportable de plus de cinq ann\u00e9es de mandat au cours desquelles cette \u00e9lue\u2026","rel":"","context":"Dans &quot;Validisme&quot;","block_context":{"text":"Validisme","link":"https:\/\/observatoirevalidismepolitique.fr\/index.php\/category\/validisme\/"},"img":{"alt_text":"Capture d'\u00e9cran d'un extrait du Conseil municipal du 26 septembre 2025 de Toulouse, o\u00f9 l'on voit une \u00e9lue handicap\u00e9e venue \u00e0 la tribune pour demander la parole apr\u00e8s un \u00e9ni\u00e8me \u00e9pisode de censure, et qui se voit arracher le micro des mains apr\u00e8s avoir tent\u00e9 de prendre le micro pour r\u00e9pondre au maire.","src":"https:\/\/i0.wp.com\/observatoirevalidismepolitique.fr\/wp-content\/uploads\/2025\/10\/250926_Youtube_capture-micro3_ss-text.png?fit=1050%2C578&ssl=1&resize=350%2C200","width":350,"height":200,"srcset":"https:\/\/i0.wp.com\/observatoirevalidismepolitique.fr\/wp-content\/uploads\/2025\/10\/250926_Youtube_capture-micro3_ss-text.png?fit=1050%2C578&ssl=1&resize=350%2C200 1x, https:\/\/i0.wp.com\/observatoirevalidismepolitique.fr\/wp-content\/uploads\/2025\/10\/250926_Youtube_capture-micro3_ss-text.png?fit=1050%2C578&ssl=1&resize=525%2C300 1.5x, https:\/\/i0.wp.com\/observatoirevalidismepolitique.fr\/wp-content\/uploads\/2025\/10\/250926_Youtube_capture-micro3_ss-text.png?fit=1050%2C578&ssl=1&resize=700%2C400 2x, https:\/\/i0.wp.com\/observatoirevalidismepolitique.fr\/wp-content\/uploads\/2025\/10\/250926_Youtube_capture-micro3_ss-text.png?fit=1050%2C578&ssl=1&resize=1050%2C600 3x"},"classes":[]},{"id":1,"url":"https:\/\/observatoirevalidismepolitique.fr\/index.php\/2024\/05\/29\/notre-tribune-dans-liberation-a-signer\/","url_meta":{"origin":253,"position":1},"title":"Notre tribune dans Lib\u00e9ration \u00e0 signer : Violences validistes sur les \u00e9lues et \u00e9lus handicap\u00e9s","author":"admin9931","date":"29 mai 2024","format":false,"excerpt":"Ce 21 juin 2024, Lib\u00e9ration a publi\u00e9 notre tribune d\u00e9sormais ouverte \u00e0 signature publique apr\u00e8s 272 premi\u00e8res signatures d'\u00e9lus et militants :","rel":"","context":"Dans &quot;Politique&quot;","block_context":{"text":"Politique","link":"https:\/\/observatoirevalidismepolitique.fr\/index.php\/category\/politique\/"},"img":{"alt_text":"","src":"https:\/\/i0.wp.com\/observatoirevalidismepolitique.fr\/wp-content\/uploads\/2024\/07\/24-07-10-121601.png?fit=456%2C652&ssl=1&resize=350%2C200","width":350,"height":200},"classes":[]},{"id":384,"url":"https:\/\/observatoirevalidismepolitique.fr\/index.php\/2025\/11\/18\/guide-handeo-pour-participer-a-la-vie-politique\/","url_meta":{"origin":253,"position":2},"title":"Guide Handeo pour participer \u00e0 la vie politique","author":"admin9931","date":"18 novembre 2025","format":false,"excerpt":"Moins de 1% d'\u00e9luEs en situation de handicap et en r\u00e9alit\u00e9, bien moins, du fait des obstacles multiples qui se dressent sur leur parcours d'engagement citoyen et militant : inaccessibilit\u00e9, repr\u00e9sentations et comportements validistes, insuffisance des financements de la compensation de leurs handicaps. Dans le cadre du projet de recherche\u2026","rel":"","context":"Dans &quot;Handicap&quot;","block_context":{"text":"Handicap","link":"https:\/\/observatoirevalidismepolitique.fr\/index.php\/category\/handicap\/"},"img":{"alt_text":"Couverture du livret Handeo pour une accessibilit\u00e9 universelle des activit\u00e9s politiques et partisanes, livret \u00e0 destination des partis politiques","src":"https:\/\/i0.wp.com\/observatoirevalidismepolitique.fr\/wp-content\/uploads\/2025\/11\/Handeo_251117_livret-a-destination-partis.jpg?fit=362%2C572&ssl=1&resize=350%2C200","width":350,"height":200},"classes":[]},{"id":390,"url":"https:\/\/observatoirevalidismepolitique.fr\/index.php\/2026\/03\/14\/interviews-observatoire-et-membres\/","url_meta":{"origin":253,"position":3},"title":"Interviews de l&rsquo;Observatoire et de ses membres","author":"admin9931","date":"14 mars 2026","format":false,"excerpt":"Articles de mars 2026 sur l'Observatoire du Validisme en Politique et certaines de ses membres dont Odile Maurin et Audrey Henocque sur le statut de l'\u00e9lu local et ce \u00e0 quoi elles sont confront\u00e9es","rel":"","context":"Dans &quot;Handicap&quot;","block_context":{"text":"Handicap","link":"https:\/\/observatoirevalidismepolitique.fr\/index.php\/category\/handicap\/"},"img":{"alt_text":"Capture d'\u00e9cran de l'article de Lib\u00e9ration avec les photos d'Autret et H\u00e9nocque, premi\u00e8re adjointe \u00e0 Lyon. De Julien Compan, conseiller municipal \u00e0 Massy et Odile Maurin, \u00e9lue de l'opposition \u00e0 Toulouse avec le titre \u00ab T\u00e9moignage : les habitudes politiques sont calqu\u00e9es sur des normes valides \u00bb. 2.3 \u00c9lus municipaux handicap\u00e9s t\u00e9moignent","src":"https:\/\/i0.wp.com\/observatoirevalidismepolitique.fr\/wp-content\/uploads\/2026\/03\/260310_Liberation-3-elus-handi.jpg?fit=802%2C768&ssl=1&resize=350%2C200","width":350,"height":200,"srcset":"https:\/\/i0.wp.com\/observatoirevalidismepolitique.fr\/wp-content\/uploads\/2026\/03\/260310_Liberation-3-elus-handi.jpg?fit=802%2C768&ssl=1&resize=350%2C200 1x, https:\/\/i0.wp.com\/observatoirevalidismepolitique.fr\/wp-content\/uploads\/2026\/03\/260310_Liberation-3-elus-handi.jpg?fit=802%2C768&ssl=1&resize=525%2C300 1.5x, https:\/\/i0.wp.com\/observatoirevalidismepolitique.fr\/wp-content\/uploads\/2026\/03\/260310_Liberation-3-elus-handi.jpg?fit=802%2C768&ssl=1&resize=700%2C400 2x"},"classes":[]},{"id":225,"url":"https:\/\/observatoirevalidismepolitique.fr\/index.php\/2025\/02\/20\/audrey-henocque-et-odile-maurin-dans-la-presse-sur-handicap-et-elues\/","url_meta":{"origin":253,"position":4},"title":"Audrey Henocque et Odile Maurin dans la presse sur handicap et \u00e9lues","author":"admin9931","date":"20 f\u00e9vrier 2025","format":false,"excerpt":"2 articles en ce d\u00e9but d'ann\u00e9e 2025 qui parlent des fondatrices de l'Observatoire et de leur r\u00f4le d'\u00e9lue 29\/1\/25 : Courrier des Maires : En 2026, l\u2019espoir d\u2019un renouveau \u00e9lectoral et politique de la cause du handicap Les freins \u00e0 l\u2019engagement citoyen sont nombreux pour les personnes en situation de\u2026","rel":"","context":"Dans &quot;Handicap&quot;","block_context":{"text":"Handicap","link":"https:\/\/observatoirevalidismepolitique.fr\/index.php\/category\/handicap\/"},"img":{"alt_text":"","src":"https:\/\/i0.wp.com\/observatoirevalidismepolitique.fr\/wp-content\/uploads\/2025\/02\/Capture-decran-2025-02-20-205639.jpg?resize=350%2C200&ssl=1","width":350,"height":200,"srcset":"https:\/\/i0.wp.com\/observatoirevalidismepolitique.fr\/wp-content\/uploads\/2025\/02\/Capture-decran-2025-02-20-205639.jpg?resize=350%2C200&ssl=1 1x, https:\/\/i0.wp.com\/observatoirevalidismepolitique.fr\/wp-content\/uploads\/2025\/02\/Capture-decran-2025-02-20-205639.jpg?resize=525%2C300&ssl=1 1.5x, https:\/\/i0.wp.com\/observatoirevalidismepolitique.fr\/wp-content\/uploads\/2025\/02\/Capture-decran-2025-02-20-205639.jpg?resize=700%2C400&ssl=1 2x"},"classes":[]},{"id":235,"url":"https:\/\/observatoirevalidismepolitique.fr\/index.php\/2025\/03\/17\/burn-out-autistique-dune-elue-handicapee-faute-damenagements-raisonnables\/","url_meta":{"origin":253,"position":5},"title":"Burn out autistique d&rsquo;une \u00e9lue handicap\u00e9e faute d&rsquo;am\u00e9nagements raisonnables","author":"admin9931","date":"17 mars 2025","format":false,"excerpt":"Depuis son \u00e9lection en 2020 comme \u00e9lue municipale et m\u00e9tropolitaine \u00e0 Toulouse, Odile Maurin a d\u00fb faire face \u00e0 une pression insoutenable. En l\u2019absence des am\u00e9nagements raisonnables n\u00e9cessaires \u00e0 l\u2019exercice de son mandat, elle a subi plusieurs burn-out en 2024. Aujourd\u2019hui, elle se retrouve contrainte d\u2019envisager sa d\u00e9mission, et son\u2026","rel":"","context":"Dans &quot;Handicap&quot;","block_context":{"text":"Handicap","link":"https:\/\/observatoirevalidismepolitique.fr\/index.php\/category\/handicap\/"},"img":{"alt_text":"Capture d'\u00e9cran du live d'Odile Maurin annon\u00e7ant son burnout avec le titre : En burn-out faute de moyens en tant qu\u2019\u00e9lue handicap\u00e9e, ma candidature en 2026 remise en question ?","src":"https:\/\/i0.wp.com\/observatoirevalidismepolitique.fr\/wp-content\/uploads\/2025\/03\/2025-03-12-172925.png?fit=930%2C523&ssl=1&resize=350%2C200","width":350,"height":200,"srcset":"https:\/\/i0.wp.com\/observatoirevalidismepolitique.fr\/wp-content\/uploads\/2025\/03\/2025-03-12-172925.png?fit=930%2C523&ssl=1&resize=350%2C200 1x, https:\/\/i0.wp.com\/observatoirevalidismepolitique.fr\/wp-content\/uploads\/2025\/03\/2025-03-12-172925.png?fit=930%2C523&ssl=1&resize=525%2C300 1.5x, https:\/\/i0.wp.com\/observatoirevalidismepolitique.fr\/wp-content\/uploads\/2025\/03\/2025-03-12-172925.png?fit=930%2C523&ssl=1&resize=700%2C400 2x"},"classes":[]}],"jetpack_likes_enabled":true,"jetpack_sharing_enabled":true,"_links":{"self":[{"href":"https:\/\/observatoirevalidismepolitique.fr\/index.php\/wp-json\/wp\/v2\/posts\/253","targetHints":{"allow":["GET"]}}],"collection":[{"href":"https:\/\/observatoirevalidismepolitique.fr\/index.php\/wp-json\/wp\/v2\/posts"}],"about":[{"href":"https:\/\/observatoirevalidismepolitique.fr\/index.php\/wp-json\/wp\/v2\/types\/post"}],"author":[{"embeddable":true,"href":"https:\/\/observatoirevalidismepolitique.fr\/index.php\/wp-json\/wp\/v2\/users\/1"}],"replies":[{"embeddable":true,"href":"https:\/\/observatoirevalidismepolitique.fr\/index.php\/wp-json\/wp\/v2\/comments?post=253"}],"version-history":[{"count":24,"href":"https:\/\/observatoirevalidismepolitique.fr\/index.php\/wp-json\/wp\/v2\/posts\/253\/revisions"}],"predecessor-version":[{"id":341,"href":"https:\/\/observatoirevalidismepolitique.fr\/index.php\/wp-json\/wp\/v2\/posts\/253\/revisions\/341"}],"wp:featuredmedia":[{"embeddable":true,"href":"https:\/\/observatoirevalidismepolitique.fr\/index.php\/wp-json\/wp\/v2\/media\/254"}],"wp:attachment":[{"href":"https:\/\/observatoirevalidismepolitique.fr\/index.php\/wp-json\/wp\/v2\/media?parent=253"}],"wp:term":[{"taxonomy":"category","embeddable":true,"href":"https:\/\/observatoirevalidismepolitique.fr\/index.php\/wp-json\/wp\/v2\/categories?post=253"},{"taxonomy":"post_tag","embeddable":true,"href":"https:\/\/observatoirevalidismepolitique.fr\/index.php\/wp-json\/wp\/v2\/tags?post=253"}],"curies":[{"name":"wp","href":"https:\/\/api.w.org\/{rel}","templated":true}]}}