{"id":235,"date":"2025-03-17T13:27:57","date_gmt":"2025-03-17T12:27:57","guid":{"rendered":"https:\/\/observatoirevalidismepolitique.fr\/?p=235"},"modified":"2025-03-17T15:59:44","modified_gmt":"2025-03-17T14:59:44","slug":"burn-out-autistique-dune-elue-handicapee-faute-damenagements-raisonnables","status":"publish","type":"post","link":"https:\/\/observatoirevalidismepolitique.fr\/index.php\/2025\/03\/17\/burn-out-autistique-dune-elue-handicapee-faute-damenagements-raisonnables\/","title":{"rendered":"Burn out autistique d&rsquo;une \u00e9lue handicap\u00e9e faute d&rsquo;am\u00e9nagements raisonnables"},"content":{"rendered":"\n<p class=\"has-text-align-left\">Depuis son \u00e9lection en 2020 comme \u00e9lue municipale et m\u00e9tropolitaine \u00e0 Toulouse, Odile Maurin a d\u00fb faire face \u00e0 une pression insoutenable. En l\u2019absence des am\u00e9nagements raisonnables n\u00e9cessaires \u00e0 l\u2019exercice de son mandat, elle a subi plusieurs burn-out en 2024. Aujourd\u2019hui, elle se retrouve contrainte d\u2019envisager sa d\u00e9mission, et son m\u00e9decin la met en arr\u00eat maladie pour 6 mois.<\/p>\n\n\n\n<figure class=\"wp-block-embed is-type-video is-provider-youtube wp-block-embed-youtube wp-embed-aspect-16-9 wp-has-aspect-ratio\"><div class=\"wp-block-embed__wrapper\">\n<iframe loading=\"lazy\" title=\"En burn-out faute de moyens en tant qu\u2019\u00e9lue handicap\u00e9e, ma candidature en 2026 remise en question ?\" width=\"800\" height=\"450\" src=\"https:\/\/www.youtube.com\/embed\/1lRsZawGSU4?feature=oembed\" frameborder=\"0\" allow=\"accelerometer; autoplay; clipboard-write; encrypted-media; gyroscope; picture-in-picture; web-share\" referrerpolicy=\"strict-origin-when-cross-origin\" allowfullscreen><\/iframe>\n<\/div><\/figure>\n\n\n\n<p>Odile Maurin est une personne handicap\u00e9e, en fauteuil roulant et autiste, et elle a besoin d\u2019un accompagnement humain et technique pour travailler dans des conditions dignes. D\u00e8s le d\u00e9but de son mandat, elle a demand\u00e9 au maire-pr\u00e9sident les compensations pr\u00e9vues par la loi, mais il lui a refus\u00e9 toute aide pour son autisme. Pour continuer \u00e0 exercer ses fonctions, elle a d\u00fb financer elle-m\u00eame une assistance, d\u00e9pensant 80 % de ses indemnit\u00e9s d\u2019\u00e9lue, avec seulement 10 % de remboursement, apr\u00e8s des d\u00e9marches administratives \u00e9puisantes. Le poids des obligations administratives li\u00e9es \u00e0 son handicap est immense, comme pour nous toutes et tous handicap\u00e9Es. <\/p>\n\n\n\n<p>En plus de ses fonctions d\u2019\u00e9lue, et comme beaucoup d&rsquo;entre nous, elle doit aussi g\u00e9rer son quotidien, son emploi du temps et ses assistants de vie, comme une v\u00e9ritable petite entreprise. Pourtant, malgr\u00e9 ses efforts pour faire valoir ses droits, Jean-Luc Moudenc et son \u00e9quipe ont tout fait pour la mettre en \u00e9chec. Sans aide suffisante, elle ne peut pas analyser correctement les d\u00e9lib\u00e9rations et exercer son mandat avec la rigueur qu\u2019il m\u00e9rite.<\/p>\n\n\n\n<p>Elle d\u00e9nonce aussi l\u2019inaction des partis de gauche, qui n\u2019ont pas port\u00e9 ce combat comme une question politique. Si un \u00e9lu valide avait \u00e9t\u00e9 confront\u00e9 \u00e0 un probl\u00e8me d\u2019accessibilit\u00e9, il y aurait eu une lev\u00e9e de boucliers. Mais parce que son handicap est invisible, on lui a demand\u00e9 de s\u2019adapter, au m\u00e9pris de ses droits et de sa sant\u00e9, la menant \u00e0 l&rsquo;\u00e9puisement. <\/p>\n\n\n\n<p>Continuer dans ces conditions reviendrait \u00e0 cautionner un syst\u00e8me o\u00f9 seules les personnes handicap\u00e9es les plus combatives peuvent exercer un mandat, ce qui est contraire au principe d\u2019\u00e9galit\u00e9. Elle refuse de s\u2019y soumettre. Elle annonce donc qu&rsquo;elle ne sera pas candidate aux municipales de 2026. Toutefois, elle ne renonce pas \u00e0 son engagement et continuera \u00e0 se battre contre le validisme et pour une soci\u00e9t\u00e9 plus inclusive.<\/p>\n\n\n\n<p>Son m\u00e9decin l&rsquo;a finalement arr\u00eat\u00e9 pour 6 mois, comme le pr\u00e9conisait la sp\u00e9cialiste qui l\u2019accompagne pour l\u2019autisme. Elle dit qu&rsquo;elle va s\u2019occuper un peu plus d&rsquo;elle et poursuivre dans la mesure du possible son engagement associatif tant qu\u2019il ne me fera pas souffrir comme son engagement politique.<\/p>\n\n\n\n<p>Alors que les \u00e9luEs handicap\u00e9Es sont au nombre de 75 en France selon Handeo, l&rsquo;Etat et les collectivit\u00e9s vont-ils continuer de fait \u00e0 emp\u00eacher la repr\u00e9sentation de l&rsquo;ensemble de la population sans discrimination ? La proposition de loi sur le statut de l&rsquo;\u00e9lu local doit permettre tous les am\u00e9nagements raisonnables et ceci quel que soit la situation de handicap. Sans diversit\u00e9, la repr\u00e9sentation politique ne joue pas son r\u00f4le. <\/p>\n\n\n\n<p class=\"has-nv-light-bg-background-color has-background\">En savoir plus : <\/p>\n\n\n\n<p>Le blog de petite loutre : TDAH, TSA : Comprendre les dysfonctions ex\u00e9cutives chez les neuroatypiques et proposer des am\u00e9nagements <\/p>\n\n\n\n<figure class=\"wp-block-embed is-type-wp-embed is-provider-le-blog-de-petite-loutre wp-block-embed-le-blog-de-petite-loutre\"><div class=\"wp-block-embed__wrapper\">\n<blockquote class=\"wp-embedded-content\" data-secret=\"WPYpHCvKMA\"><a href=\"https:\/\/leblogdepetiteloutre.com\/2024\/12\/11\/tdah-tsa-dysfonctions-executives-neuroatypiques-proposer-amenagements\/\">TDAH, TSA : Comprendre les dysfonctions ex\u00e9cutives chez les neuroatypiques et proposer des&nbsp;am\u00e9nagements<\/a><\/blockquote><iframe loading=\"lazy\" class=\"wp-embedded-content\" sandbox=\"allow-scripts\" security=\"restricted\" style=\"position: absolute; visibility: hidden;\" title=\"&laquo;&nbsp;TDAH, TSA : Comprendre les dysfonctions ex\u00e9cutives chez les neuroatypiques et proposer des&nbsp;am\u00e9nagements&nbsp;&raquo; &#8212; Le blog de Petite Loutre\" src=\"https:\/\/leblogdepetiteloutre.com\/2024\/12\/11\/tdah-tsa-dysfonctions-executives-neuroatypiques-proposer-amenagements\/embed\/#?secret=9LvqTIGSr0#?secret=WPYpHCvKMA\" data-secret=\"WPYpHCvKMA\" width=\"600\" height=\"338\" frameborder=\"0\" marginwidth=\"0\" marginheight=\"0\" scrolling=\"no\"><\/iframe>\n<\/div><\/figure>\n\n\n\n<p>Aspie conseil : Dysfonction ex\u00e9cutive <\/p>\n\n\n\n<figure class=\"wp-block-embed is-type-wp-embed is-provider-aspieconseil wp-block-embed-aspieconseil\"><div class=\"wp-block-embed__wrapper\">\nhttps:\/\/aspieconseil.com\/2017\/07\/29\/les-fonctions-executives\/\n<\/div><\/figure>\n\n\n\n<p>Tous \u00e0 l&rsquo;\u00e9cole : Troubles des fonctions ex\u00e9cutives <\/p>\n\n\n\n<p><a href=\"https:\/\/www.tousalecole.fr\/content\/troubles-des-fonctions-ex%C3%A9cutives\">https:\/\/www.tousalecole.fr\/content\/troubles-des-fonctions-ex%C3%A9cutives<\/a><\/p>\n\n\n\n<p>15\/3\/24 Pourquoi suis-je arr\u00eat\u00e9e en burn out en tant qu\u2019\u00e9lue ? <\/p>\n\n\n\n<figure class=\"wp-block-embed is-type-video is-provider-youtube wp-block-embed-youtube wp-embed-aspect-16-9 wp-has-aspect-ratio\"><div class=\"wp-block-embed__wrapper\">\n<iframe loading=\"lazy\" title=\"Pourquoi suis-je arr\u00eat\u00e9e en maladie, en burnout en tant qu&#039;\u00e9lue ?\" width=\"800\" height=\"450\" src=\"https:\/\/www.youtube.com\/embed\/kskOcERoNlQ?feature=oembed\" frameborder=\"0\" allow=\"accelerometer; autoplay; clipboard-write; encrypted-media; gyroscope; picture-in-picture; web-share\" referrerpolicy=\"strict-origin-when-cross-origin\" allowfullscreen><\/iframe>\n<\/div><\/figure>\n\n\n\n<p>23\/4\/24 Mon burn-out autistique en tant qu\u2019\u00e9lue handicap\u00e9e : suites et r\u00e9actions <\/p>\n\n\n\n<figure class=\"wp-block-embed is-type-wp-embed is-provider-odile-maurin wp-block-embed-odile-maurin\"><div class=\"wp-block-embed__wrapper\">\n<blockquote class=\"wp-embedded-content\" data-secret=\"nCAjmVYDRn\"><a href=\"https:\/\/odilemaurin.fr\/politique\/mon-burn-out-autistique-en-tant-quelue-handicapee-suites-et-reactions\/\">Mon burn-out autistique en tant qu&rsquo;\u00e9lue handicap\u00e9e : suites et r\u00e9actions<\/a><\/blockquote><iframe loading=\"lazy\" class=\"wp-embedded-content\" sandbox=\"allow-scripts\" security=\"restricted\" style=\"position: absolute; visibility: hidden;\" title=\"\u00ab\u00a0Mon burn-out autistique en tant qu&rsquo;\u00e9lue handicap\u00e9e : suites et r\u00e9actions\u00a0\u00bb &#8212; Odile MAURIN\" src=\"https:\/\/odilemaurin.fr\/politique\/mon-burn-out-autistique-en-tant-quelue-handicapee-suites-et-reactions\/embed\/#?secret=ALVtqCoxgt#?secret=nCAjmVYDRn\" data-secret=\"nCAjmVYDRn\" width=\"600\" height=\"338\" frameborder=\"0\" marginwidth=\"0\" marginheight=\"0\" scrolling=\"no\"><\/iframe>\n<\/div><\/figure>\n\n\n\n<p>14\/4\/24 Arr\u00eat\u00e9e pour burn out autistique mais toujours un peu pr\u00e9sente : normal ? <\/p>\n\n\n\n<figure class=\"wp-block-embed is-type-video is-provider-youtube wp-block-embed-youtube wp-embed-aspect-16-9 wp-has-aspect-ratio\"><div class=\"wp-block-embed__wrapper\">\n<iframe loading=\"lazy\" title=\"Arr\u00eat\u00e9e pour burnout autistique mais toujours un peu pr\u00e9sente : normal ?\" width=\"800\" height=\"450\" src=\"https:\/\/www.youtube.com\/embed\/qjJQcRVBJbE?feature=oembed\" frameborder=\"0\" allow=\"accelerometer; autoplay; clipboard-write; encrypted-media; gyroscope; picture-in-picture; web-share\" referrerpolicy=\"strict-origin-when-cross-origin\" allowfullscreen><\/iframe>\n<\/div><\/figure>\n\n\n\n<p>D\u00e9cembre 24 : Le Handicap au pouvoir sur la chaine du CNRS et Observatoire du validisme en politique <\/p>\n\n\n\n<p><a href=\"https:\/\/observatoirevalidismepolitique.fr\/index.php\/2024\/12\/06\/table-ronde-sur-le-handicap-au-pouvoir-de-cyril-desjeux-avec-la-chaine-ppr-autonomie\/\">Table ronde sur \u00ab&nbsp;Le handicap au pouvoir&nbsp;\u00bb de Cyril Desjeux avec la chaine PPR Autonomie \u2013 Observatoire du validisme en politique<\/a><\/p>\n\n\n\n<p><\/p>\n","protected":false},"excerpt":{"rendered":"<p>Depuis son \u00e9lection en 2020 comme \u00e9lue municipale et m\u00e9tropolitaine \u00e0 Toulouse, Odile Maurin a d\u00fb faire face \u00e0 une pression insoutenable. En l\u2019absence des am\u00e9nagements raisonnables n\u00e9cessaires \u00e0 l\u2019exercice de son mandat, elle a subi plusieurs burn-out en 2024. Aujourd\u2019hui, elle se retrouve contrainte d\u2019envisager sa d\u00e9mission, et son m\u00e9decin la met en arr\u00eat maladie pour 6 mois.<\/p>\n","protected":false},"author":1,"featured_media":241,"comment_status":"open","ping_status":"open","sticky":false,"template":"","format":"standard","meta":{"jetpack_post_was_ever_published":false,"_jetpack_newsletter_access":"","_jetpack_dont_email_post_to_subs":false,"_jetpack_newsletter_tier_id":0,"_jetpack_memberships_contains_paywalled_content":false,"_jetpack_memberships_contains_paid_content":false,"footnotes":"","jetpack_publicize_message":"","jetpack_publicize_feature_enabled":true,"jetpack_social_post_already_shared":true,"jetpack_social_options":{"image_generator_settings":{"template":"highway","enabled":false},"version":2}},"categories":[4,5,3],"tags":[],"class_list":["post-235","post","type-post","status-publish","format-standard","has-post-thumbnail","hentry","category-handicap","category-politique","category-validisme"],"jetpack_publicize_connections":[],"jetpack_featured_media_url":"https:\/\/i0.wp.com\/observatoirevalidismepolitique.fr\/wp-content\/uploads\/2025\/03\/2025-03-12-172925.png?fit=930%2C523&ssl=1","jetpack-related-posts":[{"id":253,"url":"https:\/\/observatoirevalidismepolitique.fr\/index.php\/2025\/07\/08\/002-delus-handicapes-alors-que-16-de-la-population-a-un-handicap-tolerable-dans-une-nation-democratique\/","url_meta":{"origin":235,"position":0},"title":"0,02% d&rsquo;\u00e9lus handicap\u00e9s alors que 16% de la population a un handicap : tol\u00e9rable dans une nation d\u00e9mocratique ?\u00a0","author":"admin9931","date":"8 juillet 2025","format":false,"excerpt":"Tribune de l'Observatoire du validisme en politique sur le scandale d\u00e9mocratique de l'absence de moyens de participation des personnes handicap\u00e9es aux fonctions \u00e9lectives","rel":"","context":"Dans &quot;Handicap&quot;","block_context":{"text":"Handicap","link":"https:\/\/observatoirevalidismepolitique.fr\/index.php\/category\/handicap\/"},"img":{"alt_text":"Capture d'\u00e9cran du site du S\u00e9nat avec la proposition de loi sur le statut de l'\u00e9lu local et la mention manuscrite : 0,02 % d'\u00e9lus handicap\u00e9s pour 16 % de la population. Deux points tol\u00e9rables ?","src":"https:\/\/i0.wp.com\/observatoirevalidismepolitique.fr\/wp-content\/uploads\/2025\/07\/250707_OVP_amendts-statut-elu-local_handi.png?fit=800%2C600&ssl=1&resize=350%2C200","width":350,"height":200,"srcset":"https:\/\/i0.wp.com\/observatoirevalidismepolitique.fr\/wp-content\/uploads\/2025\/07\/250707_OVP_amendts-statut-elu-local_handi.png?fit=800%2C600&ssl=1&resize=350%2C200 1x, https:\/\/i0.wp.com\/observatoirevalidismepolitique.fr\/wp-content\/uploads\/2025\/07\/250707_OVP_amendts-statut-elu-local_handi.png?fit=800%2C600&ssl=1&resize=525%2C300 1.5x, https:\/\/i0.wp.com\/observatoirevalidismepolitique.fr\/wp-content\/uploads\/2025\/07\/250707_OVP_amendts-statut-elu-local_handi.png?fit=800%2C600&ssl=1&resize=700%2C400 2x"},"classes":[]},{"id":373,"url":"https:\/\/observatoirevalidismepolitique.fr\/index.php\/2025\/10\/08\/communique-pour-des-conseils-municipaux-representatifs-de-la-diversite-de-la-population-stop-au-validisme-en-politique\/","url_meta":{"origin":235,"position":1},"title":"Communiqu\u00e9\u00a0: pour des conseils municipaux repr\u00e9sentatifs de la diversit\u00e9 de la population, stop au validisme en politique\u00a0!","author":"admin9931","date":"8 octobre 2025","format":false,"excerpt":"L\u2019Observatoire du validisme en politique[1] apporte son soutien \u00e0 Odile Maurin, \u00e9lue d\u2019opposition au Conseil municipal de Toulouse, suite \u00e0 l\u2019incident ayant provoqu\u00e9 une interruption de s\u00e9ance lors du Conseil du 26 septembre[2]. Cet \u00e9pisode est l\u2019aboutissement insupportable de plus de cinq ann\u00e9es de mandat au cours desquelles cette \u00e9lue\u2026","rel":"","context":"Dans &quot;Validisme&quot;","block_context":{"text":"Validisme","link":"https:\/\/observatoirevalidismepolitique.fr\/index.php\/category\/validisme\/"},"img":{"alt_text":"Capture d'\u00e9cran d'un extrait du Conseil municipal du 26 septembre 2025 de Toulouse, o\u00f9 l'on voit une \u00e9lue handicap\u00e9e venue \u00e0 la tribune pour demander la parole apr\u00e8s un \u00e9ni\u00e8me \u00e9pisode de censure, et qui se voit arracher le micro des mains apr\u00e8s avoir tent\u00e9 de prendre le micro pour r\u00e9pondre au maire.","src":"https:\/\/i0.wp.com\/observatoirevalidismepolitique.fr\/wp-content\/uploads\/2025\/10\/250926_Youtube_capture-micro3_ss-text.png?fit=1050%2C578&ssl=1&resize=350%2C200","width":350,"height":200,"srcset":"https:\/\/i0.wp.com\/observatoirevalidismepolitique.fr\/wp-content\/uploads\/2025\/10\/250926_Youtube_capture-micro3_ss-text.png?fit=1050%2C578&ssl=1&resize=350%2C200 1x, https:\/\/i0.wp.com\/observatoirevalidismepolitique.fr\/wp-content\/uploads\/2025\/10\/250926_Youtube_capture-micro3_ss-text.png?fit=1050%2C578&ssl=1&resize=525%2C300 1.5x, https:\/\/i0.wp.com\/observatoirevalidismepolitique.fr\/wp-content\/uploads\/2025\/10\/250926_Youtube_capture-micro3_ss-text.png?fit=1050%2C578&ssl=1&resize=700%2C400 2x, https:\/\/i0.wp.com\/observatoirevalidismepolitique.fr\/wp-content\/uploads\/2025\/10\/250926_Youtube_capture-micro3_ss-text.png?fit=1050%2C578&ssl=1&resize=1050%2C600 3x"},"classes":[]},{"id":390,"url":"https:\/\/observatoirevalidismepolitique.fr\/index.php\/2026\/03\/14\/interviews-observatoire-et-membres\/","url_meta":{"origin":235,"position":2},"title":"Interviews de l&rsquo;Observatoire et de ses membres","author":"admin9931","date":"14 mars 2026","format":false,"excerpt":"Articles de mars 2026 sur l'Observatoire du Validisme en Politique et certaines de ses membres dont Odile Maurin et Audrey Henocque sur le statut de l'\u00e9lu local et ce \u00e0 quoi elles sont confront\u00e9es","rel":"","context":"Dans &quot;Handicap&quot;","block_context":{"text":"Handicap","link":"https:\/\/observatoirevalidismepolitique.fr\/index.php\/category\/handicap\/"},"img":{"alt_text":"Capture d'\u00e9cran de l'article de Lib\u00e9ration avec les photos d'Autret et H\u00e9nocque, premi\u00e8re adjointe \u00e0 Lyon. De Julien Compan, conseiller municipal \u00e0 Massy et Odile Maurin, \u00e9lue de l'opposition \u00e0 Toulouse avec le titre \u00ab T\u00e9moignage : les habitudes politiques sont calqu\u00e9es sur des normes valides \u00bb. 2.3 \u00c9lus municipaux handicap\u00e9s t\u00e9moignent","src":"https:\/\/i0.wp.com\/observatoirevalidismepolitique.fr\/wp-content\/uploads\/2026\/03\/260310_Liberation-3-elus-handi.jpg?fit=802%2C768&ssl=1&resize=350%2C200","width":350,"height":200,"srcset":"https:\/\/i0.wp.com\/observatoirevalidismepolitique.fr\/wp-content\/uploads\/2026\/03\/260310_Liberation-3-elus-handi.jpg?fit=802%2C768&ssl=1&resize=350%2C200 1x, https:\/\/i0.wp.com\/observatoirevalidismepolitique.fr\/wp-content\/uploads\/2026\/03\/260310_Liberation-3-elus-handi.jpg?fit=802%2C768&ssl=1&resize=525%2C300 1.5x, https:\/\/i0.wp.com\/observatoirevalidismepolitique.fr\/wp-content\/uploads\/2026\/03\/260310_Liberation-3-elus-handi.jpg?fit=802%2C768&ssl=1&resize=700%2C400 2x"},"classes":[]},{"id":225,"url":"https:\/\/observatoirevalidismepolitique.fr\/index.php\/2025\/02\/20\/audrey-henocque-et-odile-maurin-dans-la-presse-sur-handicap-et-elues\/","url_meta":{"origin":235,"position":3},"title":"Audrey Henocque et Odile Maurin dans la presse sur handicap et \u00e9lues","author":"admin9931","date":"20 f\u00e9vrier 2025","format":false,"excerpt":"2 articles en ce d\u00e9but d'ann\u00e9e 2025 qui parlent des fondatrices de l'Observatoire et de leur r\u00f4le d'\u00e9lue 29\/1\/25 : Courrier des Maires : En 2026, l\u2019espoir d\u2019un renouveau \u00e9lectoral et politique de la cause du handicap Les freins \u00e0 l\u2019engagement citoyen sont nombreux pour les personnes en situation de\u2026","rel":"","context":"Dans &quot;Handicap&quot;","block_context":{"text":"Handicap","link":"https:\/\/observatoirevalidismepolitique.fr\/index.php\/category\/handicap\/"},"img":{"alt_text":"","src":"https:\/\/i0.wp.com\/observatoirevalidismepolitique.fr\/wp-content\/uploads\/2025\/02\/Capture-decran-2025-02-20-205639.jpg?resize=350%2C200&ssl=1","width":350,"height":200,"srcset":"https:\/\/i0.wp.com\/observatoirevalidismepolitique.fr\/wp-content\/uploads\/2025\/02\/Capture-decran-2025-02-20-205639.jpg?resize=350%2C200&ssl=1 1x, https:\/\/i0.wp.com\/observatoirevalidismepolitique.fr\/wp-content\/uploads\/2025\/02\/Capture-decran-2025-02-20-205639.jpg?resize=525%2C300&ssl=1 1.5x, https:\/\/i0.wp.com\/observatoirevalidismepolitique.fr\/wp-content\/uploads\/2025\/02\/Capture-decran-2025-02-20-205639.jpg?resize=700%2C400&ssl=1 2x"},"classes":[]},{"id":1,"url":"https:\/\/observatoirevalidismepolitique.fr\/index.php\/2024\/05\/29\/notre-tribune-dans-liberation-a-signer\/","url_meta":{"origin":235,"position":4},"title":"Notre tribune dans Lib\u00e9ration \u00e0 signer : Violences validistes sur les \u00e9lues et \u00e9lus handicap\u00e9s","author":"admin9931","date":"29 mai 2024","format":false,"excerpt":"Ce 21 juin 2024, Lib\u00e9ration a publi\u00e9 notre tribune d\u00e9sormais ouverte \u00e0 signature publique apr\u00e8s 272 premi\u00e8res signatures d'\u00e9lus et militants :","rel":"","context":"Dans &quot;Politique&quot;","block_context":{"text":"Politique","link":"https:\/\/observatoirevalidismepolitique.fr\/index.php\/category\/politique\/"},"img":{"alt_text":"","src":"https:\/\/i0.wp.com\/observatoirevalidismepolitique.fr\/wp-content\/uploads\/2024\/07\/24-07-10-121601.png?fit=456%2C652&ssl=1&resize=350%2C200","width":350,"height":200},"classes":[]},{"id":217,"url":"https:\/\/observatoirevalidismepolitique.fr\/index.php\/2024\/12\/06\/table-ronde-sur-le-handicap-au-pouvoir-de-cyril-desjeux-avec-la-chaine-ppr-autonomie\/","url_meta":{"origin":235,"position":5},"title":"Table ronde sur \u00ab\u00a0Le handicap au pouvoir\u00a0\u00bb de Cyril Desjeux avec la chaine PPR Autonomie","author":"admin9931","date":"6 d\u00e9cembre 2024","format":false,"excerpt":"Fatima Khallouk et Odile Maurin sont intervenues ce vendredi 6 d\u00e9cembre 2024 sur la chaine Youtube de l'Actualit\u00e9 de la recherche du CNRS et du PPR autonomie pour commenter la sortie du livre de Cyril Desjeux sociologue qui travaille sur la participation politique des personnes handicap\u00e9es. Quels sont les obstacles\u2026","rel":"","context":"Dans &quot;Handicap&quot;","block_context":{"text":"Handicap","link":"https:\/\/observatoirevalidismepolitique.fr\/index.php\/category\/handicap\/"},"img":{"alt_text":"","src":"https:\/\/i0.wp.com\/img.youtube.com\/vi\/\/0.jpg?resize=350%2C200","width":350,"height":200},"classes":[]}],"jetpack_likes_enabled":true,"jetpack_sharing_enabled":true,"_links":{"self":[{"href":"https:\/\/observatoirevalidismepolitique.fr\/index.php\/wp-json\/wp\/v2\/posts\/235","targetHints":{"allow":["GET"]}}],"collection":[{"href":"https:\/\/observatoirevalidismepolitique.fr\/index.php\/wp-json\/wp\/v2\/posts"}],"about":[{"href":"https:\/\/observatoirevalidismepolitique.fr\/index.php\/wp-json\/wp\/v2\/types\/post"}],"author":[{"embeddable":true,"href":"https:\/\/observatoirevalidismepolitique.fr\/index.php\/wp-json\/wp\/v2\/users\/1"}],"replies":[{"embeddable":true,"href":"https:\/\/observatoirevalidismepolitique.fr\/index.php\/wp-json\/wp\/v2\/comments?post=235"}],"version-history":[{"count":10,"href":"https:\/\/observatoirevalidismepolitique.fr\/index.php\/wp-json\/wp\/v2\/posts\/235\/revisions"}],"predecessor-version":[{"id":250,"href":"https:\/\/observatoirevalidismepolitique.fr\/index.php\/wp-json\/wp\/v2\/posts\/235\/revisions\/250"}],"wp:featuredmedia":[{"embeddable":true,"href":"https:\/\/observatoirevalidismepolitique.fr\/index.php\/wp-json\/wp\/v2\/media\/241"}],"wp:attachment":[{"href":"https:\/\/observatoirevalidismepolitique.fr\/index.php\/wp-json\/wp\/v2\/media?parent=235"}],"wp:term":[{"taxonomy":"category","embeddable":true,"href":"https:\/\/observatoirevalidismepolitique.fr\/index.php\/wp-json\/wp\/v2\/categories?post=235"},{"taxonomy":"post_tag","embeddable":true,"href":"https:\/\/observatoirevalidismepolitique.fr\/index.php\/wp-json\/wp\/v2\/tags?post=235"}],"curies":[{"name":"wp","href":"https:\/\/api.w.org\/{rel}","templated":true}]}}