{"id":225,"date":"2025-02-20T21:11:10","date_gmt":"2025-02-20T20:11:10","guid":{"rendered":"https:\/\/observatoirevalidismepolitique.fr\/?p=225"},"modified":"2025-02-20T21:48:56","modified_gmt":"2025-02-20T20:48:56","slug":"audrey-henocque-et-odile-maurin-dans-la-presse-sur-handicap-et-elues","status":"publish","type":"post","link":"https:\/\/observatoirevalidismepolitique.fr\/index.php\/2025\/02\/20\/audrey-henocque-et-odile-maurin-dans-la-presse-sur-handicap-et-elues\/","title":{"rendered":"Audrey Henocque et Odile Maurin dans la presse sur handicap et \u00e9lues"},"content":{"rendered":"\n<p>2 articles en ce d\u00e9but d&rsquo;ann\u00e9e 2025 qui parlent des fondatrices de l&rsquo;Observatoire et de leur r\u00f4le d&rsquo;\u00e9lue<\/p>\n\n\n\n<h2 class=\"wp-block-heading\">29\/1\/25 : Courrier des Maires : En 2026, l\u2019espoir d\u2019un renouveau \u00e9lectoral et politique de la cause du handicap<\/h2>\n\n\n\n<p><strong>Les freins \u00e0 l\u2019engagement citoyen sont nombreux pour les personnes en situation de handicap d\u00e9sireuses de solliciter un mandat \u00e9lectoral, notamment celles en situation de handicap intellectuel ou cognitif. Ceux qui ont r\u00e9ussi \u00e0 franchir le pas et rejoindre un conseil municipal voire un ex\u00e9cutif local t\u00e9moignent. Et esp\u00e8rent bien que le rendez-vous des municipales 2026 permettra de faire passer un nouveau cap \u00e0 l&rsquo;engagement des personnes handicap\u00e9es dans la vie publique locale.<\/strong><\/p>\n\n\n\n<div data-wp-interactive=\"core\/file\" class=\"wp-block-file\"><object data-wp-bind--hidden=\"!state.hasPdfPreview\" hidden class=\"wp-block-file__embed\" data=\"https:\/\/observatoirevalidismepolitique.fr\/wp-content\/uploads\/2025\/02\/250129_CourrierDesMaires_En-2026-lespoir-dun-renouveau-electoral-et-politique-de-la-cause-du-handicap_itw-OM-1.pdf\" type=\"application\/pdf\" style=\"width:100%;height:780px\" aria-label=\"Contenu embarqu\u00e9 250129_CourrierDesMaires_En 2026, l\u2019espoir d\u2019un renouveau \u00e9lectoral et politique de la cause du handicap_itw OM.\"><\/object><a id=\"wp-block-file--media-e770f622-29eb-448b-b194-69fef3d8daca\" href=\"https:\/\/observatoirevalidismepolitique.fr\/wp-content\/uploads\/2025\/02\/250129_CourrierDesMaires_En-2026-lespoir-dun-renouveau-electoral-et-politique-de-la-cause-du-handicap_itw-OM-1.pdf\">250129_CourrierDesMaires_En 2026, l\u2019espoir d\u2019un renouveau \u00e9lectoral et politique de la cause du handicap_itw OM<\/a><a href=\"https:\/\/observatoirevalidismepolitique.fr\/wp-content\/uploads\/2025\/02\/250129_CourrierDesMaires_En-2026-lespoir-dun-renouveau-electoral-et-politique-de-la-cause-du-handicap_itw-OM-1.pdf\" class=\"wp-block-file__button wp-element-button\" download aria-describedby=\"wp-block-file--media-e770f622-29eb-448b-b194-69fef3d8daca\">T\u00e9l\u00e9charger<\/a><\/div>\n\n\n\n<p><\/p>\n\n\n\n<p>Extrait : \u00ab\u00a0Odile Maurin, \u00e9lue \u00e0 Toulouse dans une listed\u2019opposition, a de son c\u00f4t\u00e9 saisi le tribunal administratif pourobtenir les compensations li\u00e9es \u00e0 son handicap dont elleestime \u00eatre priv\u00e9e par le maire de la ville rose. \u00ab Depuis 4 ans,je consacre 80% de mes indemnit\u00e9s d&rsquo;\u00e9lue \u00e0 payer unepersonne pour m&rsquo;assister, parce que je ne suis pas capabled&rsquo;\u00e9tudier les dossiers 5 jours avant les conseils, j&rsquo;ai besoind&rsquo;aide pour \u00e9crire, pour m&rsquo;aider \u00e0 synth\u00e9tiser, pour prendredes notes \u00e0 ma place\u2026 j&rsquo;en suis \u00e0 40 000 euros de ma poche \u00bbt\u00e9moigne cette \u00e9lue en fauteuil roulant, souffrant \u00e9galement d&rsquo;autisme.<\/p>\n\n\n\n<p>Odile Maurin est \u00e9galement partag\u00e9e sur ce sujet. \u00ab La majorit\u00e9des \u00e9lus handicap\u00e9s aujourd&rsquo;hui sont des \u2018tokens\u2019 c&rsquo;est-\u00e0-direqu&rsquo;ils ont \u00e9t\u00e9 choisis pour ce qu\u2019ils sont comme on prendraitun noir, un arabe, une femme, etc., tacle l\u2019\u00e9lue toulousaine,vous verriez le nombre de personnes qui se retrouvent sur deslistes sans l&rsquo;avoir demand\u00e9 simplement parce que l\u2019on saitqu\u2019elles ne feront pas trop de vagues \u00bb. Pour l\u2019\u00e9lue toulousaine,la question centrale est donc de savoir si &#8211; au-del\u00e0 de leurhandicap &#8211; \u00ab ces personnes auront ou non les comp\u00e9tencespour contester ce qui se fait \u00bb rappelant au passage latechnicit\u00e9 des sujets li\u00e9s au handicap dans la sph\u00e8re locale.\u00a0\u00bb<\/p>\n\n\n\n<h1 class=\"wp-block-heading\">11\/2\/25 : Le monde : Audrey H\u00e9nocque&nbsp;: \u00ab&nbsp;Les lieux du pouvoir sont pens\u00e9s pour des hommes valides, aid\u00e9s b\u00e9n\u00e9volement de leur femme&nbsp;\u00bb<\/h1>\n\n\n\n<p>T\u00e9trapl\u00e9gique, la premi\u00e8re adjointe aux finances du maire \u00e9cologiste de Lyon t\u00e9moigne de son combat pour am\u00e9liorer la situation des \u00e9lus en situation de handicap.<\/p>\n\n\n\n<p><a href=\"https:\/\/www.lemonde.fr\/politique\/article\/2025\/02\/11\/audrey-henocque-les-lieux-du-pouvoir-sont-penses-pour-des-hommes-valides-aides-benevolement-de-leur-femme_6541343_823448.html\">https:\/\/www.lemonde.fr\/politique\/article\/2025\/02\/11\/audrey-henocque-les-lieux-du-pouvoir-sont-penses-pour-des-hommes-valides-aides-benevolement-de-leur-femme_6541343_823448.html<\/a><\/p>\n\n\n\n<figure class=\"wp-block-image size-full\"><img data-recalc-dims=\"1\" loading=\"lazy\" decoding=\"async\" width=\"800\" height=\"701\" src=\"https:\/\/i0.wp.com\/observatoirevalidismepolitique.fr\/wp-content\/uploads\/2025\/02\/Capture-decran-2025-02-20-205639.jpg?resize=800%2C701&#038;ssl=1\" alt=\"\" class=\"wp-image-226\" srcset=\"https:\/\/i0.wp.com\/observatoirevalidismepolitique.fr\/wp-content\/uploads\/2025\/02\/Capture-decran-2025-02-20-205639.jpg?w=990&amp;ssl=1 990w, https:\/\/i0.wp.com\/observatoirevalidismepolitique.fr\/wp-content\/uploads\/2025\/02\/Capture-decran-2025-02-20-205639.jpg?resize=300%2C263&amp;ssl=1 300w, https:\/\/i0.wp.com\/observatoirevalidismepolitique.fr\/wp-content\/uploads\/2025\/02\/Capture-decran-2025-02-20-205639.jpg?resize=768%2C673&amp;ssl=1 768w, https:\/\/i0.wp.com\/observatoirevalidismepolitique.fr\/wp-content\/uploads\/2025\/02\/Capture-decran-2025-02-20-205639.jpg?resize=640%2C560&amp;ssl=1 640w\" sizes=\"auto, (max-width: 800px) 100vw, 800px\" \/><\/figure>\n\n\n\n<p>Vous pouvez partager un article en cliquant sur les ic\u00f4nes de partage en haut \u00e0 droite de celui-ci.<br>La reproduction totale ou partielle d\u2019un article, sans l\u2019autorisation \u00e9crite et pr\u00e9alable du <a href=\"https:\/\/www.lemonde.fr\">Monde<\/a>, est strictement interdite.<br>Pour plus d\u2019informations, consultez nos <a href=\"https:\/\/moncompte.lemonde.fr\/cgv\">conditions g\u00e9n\u00e9rales de vente<\/a>.<br>Pour toute demande d\u2019autorisation, contactez <a href=\"mailto:syndication@lemonde.fr\">syndication@lemonde.fr<\/a>.<br>En tant qu\u2019abonn\u00e9, vous pouvez offrir jusqu\u2019\u00e0 cinq articles par mois \u00e0 l\u2019un de vos proches gr\u00e2ce \u00e0 la fonctionnalit\u00e9 \u00ab Offrir un article \u00bb.<\/p>\n\n\n\n<p><a href=\"https:\/\/www.lemonde.fr\/politique\/article\/2025\/02\/11\/audrey-henocque-les-lieux-du-pouvoir-sont-penses-pour-des-hommes-valides-aides-benevolement-de-leur-femme_6541343_823448.html\">https:\/\/www.lemonde.fr\/politique\/article\/2025\/02\/11\/audrey-henocque-les-lieux-du-pouvoir-sont-penses-pour-des-hommes-valides-aides-benevolement-de-leur-femme_6541343_823448.html<\/a><\/p>\n\n\n\n<p><em>\u00ab<\/em>&nbsp;<em>Une femme aux finances, c\u2019est rare \u2013 d\u2019habitude, elles sont plut\u00f4t sur les cr\u00e8ches, l\u2019\u00e9ducation, le vivre-ensemble \u2013, et une femme \u00e9lue aux finances en situation de handicap, c\u2019est encore plus rare<\/em>&nbsp;<em>\u00bb<\/em>, lance Violette Spillebout, d\u00e9put\u00e9e du Nord (Renaissance), en \u00e9voquant Audrey H\u00e9nocque, premi\u00e8re adjointe aux finances du maire \u00e9cologiste de Lyon, Gr\u00e9gory Doucet (EELV), et \u00e9galement charg\u00e9e de la culture et des grands \u00e9v\u00e9nements. En ce jour de janvier, dans une salle de r\u00e9union de la mairie du 7<sup>e<\/sup>&nbsp;arrondissement, Audrey H\u00e9nocque se souvient du jour de l\u2019accident, quand elle avait 15&nbsp;ans&nbsp;: <em>\u00ab&nbsp;Quand la voiture s\u2019est encastr\u00e9e dans un arbre,j\u2019ai eu le coup du lapin, et j\u2019ai perdu l\u2019usage de mes bras et jambes.&nbsp;\u00bb<\/em> En fauteuil roulant depuis, la quadrag\u00e9naire m\u00e8ne sa carri\u00e8re tambour battant. Elle pilote le plan pluriannuel d\u2019investissement (PPI) de la ville de Lyon, d\u2019un montant de 1,3&nbsp;milliard d\u2019euros&nbsp;: <em>\u00ab&nbsp;Ce PPI, dont 800&nbsp;millions seront r\u00e9alis\u00e9s d\u2019ici \u00e0 2026, cible en particulier la r\u00e9novation \u00e9nerg\u00e9tique de b\u00e2timents<\/em>. <em>Mes missions sont passionnantes mais complexes \u00e0 tenir, \u00e0 l\u2019heure o\u00f9 l\u2019Etat diminue les dotations aux collectivit\u00e9s pour combler la dette nationale.&nbsp;\u00bb<\/em><\/p>\n\n\n\n<p>Filled\u2019une professeure des \u00e9coles et d\u2019un ing\u00e9nieur, Audrey H\u00e9nocque fait partie de la petite centaine d\u2019\u00e9lus en situation de handicap en France.<em> \u00ab&nbsp;Quatre-vingt-dix pour-cent d\u2019entre eux exercent au niveau municipal, les autres au rang d\u00e9partemental, r\u00e9gional, l\u00e9gislatif et s\u00e9natorial. Au total, ils repr\u00e9sentent moins de 1&nbsp;% des quelque 500&nbsp;000&nbsp;\u00e9lus du territoire fran\u00e7ais&nbsp;\u00bb<\/em>, avance le sociologue Cyril Desjeux, auteur de l\u2019ouvrage <em>Le Handicap au pouvoir<\/em> (PUG, 2024). Sachant que 80&nbsp;% des handicaps sont invisibles, ce chiffre s\u2019appuie sur les handicaps identifi\u00e9s dans la presse et visibles, comme les d\u00e9ficiences motrices, visuelles ou auditives.<\/p>\n\n\n\n<p>Pour Odile Maurin, \u00e9lue toulousaine elle-m\u00eame en fauteuil roulant \u00e9lectrique du fait d\u2019une maladie g\u00e9n\u00e9tique rare, <em>\u00ab&nbsp;contrairement \u00e0 certains \u00e9lus handicap\u00e9s choisis pour \u201cfaire joli\u201d, Audrey H\u00e9nocque n\u2019est pas un <\/em>token [\u201cjeton\u201d]<em> qui fait de la figuration, elle a de vraies comp\u00e9tences, et je ne fais pas facilement de compliments&nbsp;!&nbsp;\u00bb <\/em>Dans l\u2019opposition lyonnaise, certains ont un avis plus nuanc\u00e9. Georges K\u00e9p\u00e9n\u00e9kian (Progressistes et r\u00e9publicains) admire son <em>\u00ab<\/em>&nbsp;<em>courage<\/em>&nbsp;<em>\u00bb<\/em>, mais la trouve <em>\u00ab&nbsp;survaloris\u00e9e&nbsp;: on lui fait jouer un r\u00f4le trop central&nbsp;\u00bb<\/em>. De son c\u00f4t\u00e9, Pierre Oliver, maire (Les R\u00e9publicains, LR) du 2<sup>e<\/sup>&nbsp;arrondissement et pr\u00e9sident du premier groupe d\u2019opposition (Droite, centre et ind\u00e9pendants), l\u2019estime<em> \u00ab&nbsp;talentueuse mais dogmatique&nbsp;\u00bb<\/em>.<\/p>\n\n\n\n<p>Face \u00e0 ces critiques, le maire, Gr\u00e9gory Doucet, ne cache pas son agacement&nbsp;: <em>\u00ab&nbsp;Audrey H\u00e9nocque est une grande premi\u00e8re adjointe, et j\u2019ai une chance incroyable de l\u2019avoir \u00e0 mes c\u00f4t\u00e9s.&nbsp;\u00bb<\/em> Cet ancien de Handicap International rappelle qu\u2019\u00e0 l\u2019automne dernier <a href=\"https:\/\/dbrs.morningstar.com\/research\/421189\/dbrs-morningstar-confirme-la-note-aa-high-de-la-ville-de-lyon-tendance-stable\" target=\"_blank\" rel=\"noreferrer noopener\">l\u2019agence de notation DBRS Morningstar a r\u00e9attribu\u00e9 la note maximale, un AA (high)<\/a>, \u00e0 la ville de Lyon, et salu\u00e9 une <em>\u00ab&nbsp;gouvernance et une gestion budg\u00e9taire de qualit\u00e9&nbsp;\u00bb<\/em>. Ancienne de Sciences Po Grenoble, Audrey H\u00e9nocque est \u00e9galement dipl\u00f4m\u00e9e de l\u2019Institut national des \u00e9tudes territoriales, qui forme les cadres dirigeants des collectivit\u00e9s territoriales. Un profil rare&nbsp;: en&nbsp;2022, l\u2019enseignement sup\u00e9rieur comptait seulement 2&nbsp;% d\u2019\u00e9tudiants en situation de handicap. A 27&nbsp;ans, la jeune femme d\u00e9croche la direction des ressources humaines du d\u00e9partement du Rh\u00f4ne&nbsp;; elle devient ensuite directrice \u00e0 l\u2019apprentissage et \u00e0 la formation professionnelle de la r\u00e9gion Auvergne-Rh\u00f4ne-Alpes, puis num\u00e9ro deux de l\u2019Institut d\u00e9partemental de l\u2019enfance et de la famille du Grand Lyon.<\/p>\n\n\n\n<h2 class=\"wp-block-heading\">Manque d\u2019accessibilit\u00e9<\/h2>\n\n\n\n<p>C\u2019est au cours d\u2019un d\u00eener chez des amis, en 2018, alors qu\u2019elle est en disponibilit\u00e9 pour s\u2019occuper de ses deux jeunes enfants, qu\u2019elle fait la connaissance de Gr\u00e9gory Doucet, en campagne pour les \u00e9lections europ\u00e9ennes. Elle se rend pour la premi\u00e8re fois \u00e0 un meeting politique et, convaincue, apporte son expertise en tant que b\u00e9n\u00e9vole. Lors de la campagne des municipales de 2020, quand le candidat \u00e9cologiste lui propose, en cas de victoire, de devenir sa premi\u00e8re adjointe, elle confie avoir un peu h\u00e9sit\u00e9&nbsp;: <em>\u00ab&nbsp;Je n\u2019\u00e9tais pas s\u00fbre d\u2019arriver \u00e0 tout g\u00e9rer, car je suis divorc\u00e9e, avec mes enfants en alternance une semaine sur deux et avec les contraintes de mon handicap. Je suis tr\u00e8s d\u00e9pendante physiquement, j\u2019ai besoin d\u2019une personne trois heures par jour pour mes soins. Il me faut de l\u2019aide pour me coucher, me lever, m\u2019habiller, me doucher, cuisiner. Une garde de nuit arrive \u00e0 21&nbsp;h&nbsp;30 et repart \u00e0 8&nbsp;h&nbsp;30. Une fois que je suis pr\u00eate, sur mon fauteuil roulant, je suis assez autonome.&nbsp;\u00bb<\/em><\/p>\n\n\n\n<p>Chacune de ses journ\u00e9es rel\u00e8ve du parcours du combattant&nbsp;: <em>\u00ab&nbsp;Les lieux et le rythme du pouvoir sont pens\u00e9s pour des hommes valide<\/em>s, <em>souvent<\/em> <em>aid\u00e9s b\u00e9n\u00e9volement de leur femme<\/em>, analyse l\u2019\u00e9lue. <em>Le monde politique est imagin\u00e9 initialement pour Superman, toujours disponible, en bonne sant\u00e9, qui saute dans un taxi, participe \u00e0 des d\u00e9bats toute la nuit, discute autour d\u2019une bi\u00e8re\u2026&nbsp;\u00bb <\/em>Le manque d\u2019accessibilit\u00e9 est infernal&nbsp;: l\u2019ascenseur en panne la met en retard, l\u2019estrade avec trois marches la prive d\u2019ouvrir un festival sur sc\u00e8ne, la tribune des officiels perch\u00e9e en haut d\u2019escaliers la contraint \u00e0 rester en bas avec le public.<\/p>\n\n\n\n<p>A la mairie, la premi\u00e8re adjointe b\u00e9n\u00e9ficie d\u2019une voiture adapt\u00e9e et d\u2019un chauffeur en permanence. Elle a fait automatiser les trois principales portes de ce b\u00e2timent du XVII<sup>e<\/sup>&nbsp;si\u00e8cle, installer des rampes pour acc\u00e9der \u00e0 son bureau, agrandir les sanitaires attenants. Ces d\u00e9penses exc\u00e8dent le maigre plafond des frais de compensation du handicap autoris\u00e9s par le code g\u00e9n\u00e9ral des collectivit\u00e9s locales, fix\u00e9 \u00e0 environ 900&nbsp;euros par mois \u00e0 Lyon. <em>\u00ab&nbsp;Je ne peux pas m\u2019emp\u00eacher de culpabiliser de d\u00e9penser cet argent pour moi, alors que c\u2019est normal&nbsp;\u00bb<\/em>,admet celle qui met d\u00e9sormais en place des initiatives pour am\u00e9liorer la situation de l\u2019\u00e9lu local en situation de handicap.<\/p>\n\n\n\n<p>Avec d\u2019autres femmes engag\u00e9es, elle souhaite lancer un observatoire contre les violences faites aux \u00e9lus en situation de handicap. En novembre&nbsp;2021, par exemple, lors du conseil municipal, \u00e9voquant des propositions de l\u2019\u00e9quipe \u00e9cologiste sur la compatibilit\u00e9 des usages de la voirie et des pistes cyclables, une \u00e9lue LR avait ainsi raill\u00e9 l\u2019id\u00e9e de <em>\u00ab&nbsp;faire p\u00e9daler un pied bot ou un cul-de-jatte&nbsp;\u00bb<\/em>. Audrey H\u00e9nocque avait alors d\u00e9nonc\u00e9 ces propos <em>\u00ab&nbsp;validistes&nbsp;\u00bb <\/em>(discrimination des personnes handicap\u00e9es par les personnes valides). La vid\u00e9o de ce moment \u00e9tait devenue virale sur les r\u00e9seaux sociaux. Et une commission sur le validisme avait suivi pour sensibiliser les \u00e9lus \u00e0 ce sujet.<\/p>\n\n\n\n<p>Avec l\u2019\u00e9lue toulousaine Odile Maurin, fondatrice de l\u2019association antivalidiste Handi-Social, Audrey H\u00e9nocque a publi\u00e9, en mars&nbsp;2022, <a href=\"https:\/\/www.lemonde.fr\/idees\/article\/2022\/03\/02\/nous-personnes-handicapees-devons-entrer-pleinement-dans-la-representation-politique_6115843_3232.html\">une tribune dans <em>Le Monde<\/em><\/a>appelant \u00e0 la cr\u00e9ation d\u2019un fonds national afin de rendre accessibles les lieux de pouvoir, qui financerait les am\u00e9nagements mat\u00e9riels et humains pour les \u00e9lus handicap\u00e9s.<em> \u00ab&nbsp;Ce serait le pendant pour le monde politique de l\u2019Agefiph et du FIPHFP, deux fonds pour l\u2019insertion professionnelle des personnes handicap\u00e9es, qui accompagnent, respectivement, les salari\u00e9s du priv\u00e9 et du public.&nbsp;\u00bb<\/em> Audrey H\u00e9nocque a aussi fait passer de nombreuses autres id\u00e9es aux parlementaires qui travaillent actuellement \u00e0 la r\u00e9forme du statut de l\u2019\u00e9lu local, dont Violette Spillebout fait partie. La d\u00e9put\u00e9e avance qu\u2019<em>\u00ab<\/em>&nbsp;<em>une loi pourrait \u00eatre vot\u00e9e ce premier semestre 2025&nbsp;\u00bb<\/em>.<\/p>\n","protected":false},"excerpt":{"rendered":"<p>2 articles en ce d\u00e9but d&rsquo;ann\u00e9e 2025 qui parlent des fondatrices de l&rsquo;Observatoire et de leur r\u00f4le d&rsquo;\u00e9lue 29\/1\/25 : Courrier des Maires : En 2026, l\u2019espoir d\u2019un renouveau \u00e9lectoral et politique de la cause du handicap Les freins \u00e0 l\u2019engagement citoyen sont nombreux pour les personnes en situation de handicap d\u00e9sireuses de solliciter un [&hellip;]<\/p>\n","protected":false},"author":1,"featured_media":0,"comment_status":"open","ping_status":"open","sticky":false,"template":"","format":"standard","meta":{"jetpack_post_was_ever_published":false,"_jetpack_newsletter_access":"","_jetpack_dont_email_post_to_subs":true,"_jetpack_newsletter_tier_id":0,"_jetpack_memberships_contains_paywalled_content":false,"_jetpack_memberships_contains_paid_content":false,"footnotes":"","jetpack_publicize_message":"","jetpack_publicize_feature_enabled":true,"jetpack_social_post_already_shared":true,"jetpack_social_options":{"image_generator_settings":{"template":"highway","enabled":false},"version":2}},"categories":[4,5,3],"tags":[],"class_list":["post-225","post","type-post","status-publish","format-standard","hentry","category-handicap","category-politique","category-validisme"],"jetpack_publicize_connections":[],"jetpack_featured_media_url":"","jetpack-related-posts":[{"id":253,"url":"https:\/\/observatoirevalidismepolitique.fr\/index.php\/2025\/07\/08\/002-delus-handicapes-alors-que-16-de-la-population-a-un-handicap-tolerable-dans-une-nation-democratique\/","url_meta":{"origin":225,"position":0},"title":"0,02% d&rsquo;\u00e9lus handicap\u00e9s alors que 16% de la population a un handicap : tol\u00e9rable dans une nation d\u00e9mocratique ?\u00a0","author":"admin9931","date":"8 juillet 2025","format":false,"excerpt":"Tribune de l'Observatoire du validisme en politique sur le scandale d\u00e9mocratique de l'absence de moyens de participation des personnes handicap\u00e9es aux fonctions \u00e9lectives","rel":"","context":"Dans &quot;Handicap&quot;","block_context":{"text":"Handicap","link":"https:\/\/observatoirevalidismepolitique.fr\/index.php\/category\/handicap\/"},"img":{"alt_text":"Capture d'\u00e9cran du site du S\u00e9nat avec la proposition de loi sur le statut de l'\u00e9lu local et la mention manuscrite : 0,02 % d'\u00e9lus handicap\u00e9s pour 16 % de la population. Deux points tol\u00e9rables ?","src":"https:\/\/i0.wp.com\/observatoirevalidismepolitique.fr\/wp-content\/uploads\/2025\/07\/250707_OVP_amendts-statut-elu-local_handi.png?fit=800%2C600&ssl=1&resize=350%2C200","width":350,"height":200,"srcset":"https:\/\/i0.wp.com\/observatoirevalidismepolitique.fr\/wp-content\/uploads\/2025\/07\/250707_OVP_amendts-statut-elu-local_handi.png?fit=800%2C600&ssl=1&resize=350%2C200 1x, https:\/\/i0.wp.com\/observatoirevalidismepolitique.fr\/wp-content\/uploads\/2025\/07\/250707_OVP_amendts-statut-elu-local_handi.png?fit=800%2C600&ssl=1&resize=525%2C300 1.5x, https:\/\/i0.wp.com\/observatoirevalidismepolitique.fr\/wp-content\/uploads\/2025\/07\/250707_OVP_amendts-statut-elu-local_handi.png?fit=800%2C600&ssl=1&resize=700%2C400 2x"},"classes":[]},{"id":384,"url":"https:\/\/observatoirevalidismepolitique.fr\/index.php\/2025\/11\/18\/guide-handeo-pour-participer-a-la-vie-politique\/","url_meta":{"origin":225,"position":1},"title":"Guide Handeo pour participer \u00e0 la vie politique","author":"admin9931","date":"18 novembre 2025","format":false,"excerpt":"Moins de 1% d'\u00e9luEs en situation de handicap et en r\u00e9alit\u00e9, bien moins, du fait des obstacles multiples qui se dressent sur leur parcours d'engagement citoyen et militant : inaccessibilit\u00e9, repr\u00e9sentations et comportements validistes, insuffisance des financements de la compensation de leurs handicaps. Dans le cadre du projet de recherche\u2026","rel":"","context":"Dans &quot;Handicap&quot;","block_context":{"text":"Handicap","link":"https:\/\/observatoirevalidismepolitique.fr\/index.php\/category\/handicap\/"},"img":{"alt_text":"Couverture du livret Handeo pour une accessibilit\u00e9 universelle des activit\u00e9s politiques et partisanes, livret \u00e0 destination des partis politiques","src":"https:\/\/i0.wp.com\/observatoirevalidismepolitique.fr\/wp-content\/uploads\/2025\/11\/Handeo_251117_livret-a-destination-partis.jpg?fit=362%2C572&ssl=1&resize=350%2C200","width":350,"height":200},"classes":[]},{"id":390,"url":"https:\/\/observatoirevalidismepolitique.fr\/index.php\/2026\/03\/14\/interviews-observatoire-et-membres\/","url_meta":{"origin":225,"position":2},"title":"Interviews de l&rsquo;Observatoire et de ses membres","author":"admin9931","date":"14 mars 2026","format":false,"excerpt":"Articles de mars 2026 sur l'Observatoire du Validisme en Politique et certaines de ses membres dont Odile Maurin et Audrey Henocque sur le statut de l'\u00e9lu local et ce \u00e0 quoi elles sont confront\u00e9es","rel":"","context":"Dans &quot;Handicap&quot;","block_context":{"text":"Handicap","link":"https:\/\/observatoirevalidismepolitique.fr\/index.php\/category\/handicap\/"},"img":{"alt_text":"Capture d'\u00e9cran de l'article de Lib\u00e9ration avec les photos d'Autret et H\u00e9nocque, premi\u00e8re adjointe \u00e0 Lyon. De Julien Compan, conseiller municipal \u00e0 Massy et Odile Maurin, \u00e9lue de l'opposition \u00e0 Toulouse avec le titre \u00ab T\u00e9moignage : les habitudes politiques sont calqu\u00e9es sur des normes valides \u00bb. 2.3 \u00c9lus municipaux handicap\u00e9s t\u00e9moignent","src":"https:\/\/i0.wp.com\/observatoirevalidismepolitique.fr\/wp-content\/uploads\/2026\/03\/260310_Liberation-3-elus-handi.jpg?fit=802%2C768&ssl=1&resize=350%2C200","width":350,"height":200,"srcset":"https:\/\/i0.wp.com\/observatoirevalidismepolitique.fr\/wp-content\/uploads\/2026\/03\/260310_Liberation-3-elus-handi.jpg?fit=802%2C768&ssl=1&resize=350%2C200 1x, https:\/\/i0.wp.com\/observatoirevalidismepolitique.fr\/wp-content\/uploads\/2026\/03\/260310_Liberation-3-elus-handi.jpg?fit=802%2C768&ssl=1&resize=525%2C300 1.5x, https:\/\/i0.wp.com\/observatoirevalidismepolitique.fr\/wp-content\/uploads\/2026\/03\/260310_Liberation-3-elus-handi.jpg?fit=802%2C768&ssl=1&resize=700%2C400 2x"},"classes":[]},{"id":373,"url":"https:\/\/observatoirevalidismepolitique.fr\/index.php\/2025\/10\/08\/communique-pour-des-conseils-municipaux-representatifs-de-la-diversite-de-la-population-stop-au-validisme-en-politique\/","url_meta":{"origin":225,"position":3},"title":"Communiqu\u00e9\u00a0: pour des conseils municipaux repr\u00e9sentatifs de la diversit\u00e9 de la population, stop au validisme en politique\u00a0!","author":"admin9931","date":"8 octobre 2025","format":false,"excerpt":"L\u2019Observatoire du validisme en politique[1] apporte son soutien \u00e0 Odile Maurin, \u00e9lue d\u2019opposition au Conseil municipal de Toulouse, suite \u00e0 l\u2019incident ayant provoqu\u00e9 une interruption de s\u00e9ance lors du Conseil du 26 septembre[2]. Cet \u00e9pisode est l\u2019aboutissement insupportable de plus de cinq ann\u00e9es de mandat au cours desquelles cette \u00e9lue\u2026","rel":"","context":"Dans &quot;Validisme&quot;","block_context":{"text":"Validisme","link":"https:\/\/observatoirevalidismepolitique.fr\/index.php\/category\/validisme\/"},"img":{"alt_text":"Capture d'\u00e9cran d'un extrait du Conseil municipal du 26 septembre 2025 de Toulouse, o\u00f9 l'on voit une \u00e9lue handicap\u00e9e venue \u00e0 la tribune pour demander la parole apr\u00e8s un \u00e9ni\u00e8me \u00e9pisode de censure, et qui se voit arracher le micro des mains apr\u00e8s avoir tent\u00e9 de prendre le micro pour r\u00e9pondre au maire.","src":"https:\/\/i0.wp.com\/observatoirevalidismepolitique.fr\/wp-content\/uploads\/2025\/10\/250926_Youtube_capture-micro3_ss-text.png?fit=1050%2C578&ssl=1&resize=350%2C200","width":350,"height":200,"srcset":"https:\/\/i0.wp.com\/observatoirevalidismepolitique.fr\/wp-content\/uploads\/2025\/10\/250926_Youtube_capture-micro3_ss-text.png?fit=1050%2C578&ssl=1&resize=350%2C200 1x, https:\/\/i0.wp.com\/observatoirevalidismepolitique.fr\/wp-content\/uploads\/2025\/10\/250926_Youtube_capture-micro3_ss-text.png?fit=1050%2C578&ssl=1&resize=525%2C300 1.5x, https:\/\/i0.wp.com\/observatoirevalidismepolitique.fr\/wp-content\/uploads\/2025\/10\/250926_Youtube_capture-micro3_ss-text.png?fit=1050%2C578&ssl=1&resize=700%2C400 2x, https:\/\/i0.wp.com\/observatoirevalidismepolitique.fr\/wp-content\/uploads\/2025\/10\/250926_Youtube_capture-micro3_ss-text.png?fit=1050%2C578&ssl=1&resize=1050%2C600 3x"},"classes":[]},{"id":235,"url":"https:\/\/observatoirevalidismepolitique.fr\/index.php\/2025\/03\/17\/burn-out-autistique-dune-elue-handicapee-faute-damenagements-raisonnables\/","url_meta":{"origin":225,"position":4},"title":"Burn out autistique d&rsquo;une \u00e9lue handicap\u00e9e faute d&rsquo;am\u00e9nagements raisonnables","author":"admin9931","date":"17 mars 2025","format":false,"excerpt":"Depuis son \u00e9lection en 2020 comme \u00e9lue municipale et m\u00e9tropolitaine \u00e0 Toulouse, Odile Maurin a d\u00fb faire face \u00e0 une pression insoutenable. En l\u2019absence des am\u00e9nagements raisonnables n\u00e9cessaires \u00e0 l\u2019exercice de son mandat, elle a subi plusieurs burn-out en 2024. Aujourd\u2019hui, elle se retrouve contrainte d\u2019envisager sa d\u00e9mission, et son\u2026","rel":"","context":"Dans &quot;Handicap&quot;","block_context":{"text":"Handicap","link":"https:\/\/observatoirevalidismepolitique.fr\/index.php\/category\/handicap\/"},"img":{"alt_text":"Capture d'\u00e9cran du live d'Odile Maurin annon\u00e7ant son burnout avec le titre : En burn-out faute de moyens en tant qu\u2019\u00e9lue handicap\u00e9e, ma candidature en 2026 remise en question ?","src":"https:\/\/i0.wp.com\/observatoirevalidismepolitique.fr\/wp-content\/uploads\/2025\/03\/2025-03-12-172925.png?fit=930%2C523&ssl=1&resize=350%2C200","width":350,"height":200,"srcset":"https:\/\/i0.wp.com\/observatoirevalidismepolitique.fr\/wp-content\/uploads\/2025\/03\/2025-03-12-172925.png?fit=930%2C523&ssl=1&resize=350%2C200 1x, https:\/\/i0.wp.com\/observatoirevalidismepolitique.fr\/wp-content\/uploads\/2025\/03\/2025-03-12-172925.png?fit=930%2C523&ssl=1&resize=525%2C300 1.5x, https:\/\/i0.wp.com\/observatoirevalidismepolitique.fr\/wp-content\/uploads\/2025\/03\/2025-03-12-172925.png?fit=930%2C523&ssl=1&resize=700%2C400 2x"},"classes":[]},{"id":1,"url":"https:\/\/observatoirevalidismepolitique.fr\/index.php\/2024\/05\/29\/notre-tribune-dans-liberation-a-signer\/","url_meta":{"origin":225,"position":5},"title":"Notre tribune dans Lib\u00e9ration \u00e0 signer : Violences validistes sur les \u00e9lues et \u00e9lus handicap\u00e9s","author":"admin9931","date":"29 mai 2024","format":false,"excerpt":"Ce 21 juin 2024, Lib\u00e9ration a publi\u00e9 notre tribune d\u00e9sormais ouverte \u00e0 signature publique apr\u00e8s 272 premi\u00e8res signatures d'\u00e9lus et militants :","rel":"","context":"Dans &quot;Politique&quot;","block_context":{"text":"Politique","link":"https:\/\/observatoirevalidismepolitique.fr\/index.php\/category\/politique\/"},"img":{"alt_text":"","src":"https:\/\/i0.wp.com\/observatoirevalidismepolitique.fr\/wp-content\/uploads\/2024\/07\/24-07-10-121601.png?fit=456%2C652&ssl=1&resize=350%2C200","width":350,"height":200},"classes":[]}],"jetpack_likes_enabled":true,"jetpack_sharing_enabled":true,"_links":{"self":[{"href":"https:\/\/observatoirevalidismepolitique.fr\/index.php\/wp-json\/wp\/v2\/posts\/225","targetHints":{"allow":["GET"]}}],"collection":[{"href":"https:\/\/observatoirevalidismepolitique.fr\/index.php\/wp-json\/wp\/v2\/posts"}],"about":[{"href":"https:\/\/observatoirevalidismepolitique.fr\/index.php\/wp-json\/wp\/v2\/types\/post"}],"author":[{"embeddable":true,"href":"https:\/\/observatoirevalidismepolitique.fr\/index.php\/wp-json\/wp\/v2\/users\/1"}],"replies":[{"embeddable":true,"href":"https:\/\/observatoirevalidismepolitique.fr\/index.php\/wp-json\/wp\/v2\/comments?post=225"}],"version-history":[{"count":4,"href":"https:\/\/observatoirevalidismepolitique.fr\/index.php\/wp-json\/wp\/v2\/posts\/225\/revisions"}],"predecessor-version":[{"id":233,"href":"https:\/\/observatoirevalidismepolitique.fr\/index.php\/wp-json\/wp\/v2\/posts\/225\/revisions\/233"}],"wp:attachment":[{"href":"https:\/\/observatoirevalidismepolitique.fr\/index.php\/wp-json\/wp\/v2\/media?parent=225"}],"wp:term":[{"taxonomy":"category","embeddable":true,"href":"https:\/\/observatoirevalidismepolitique.fr\/index.php\/wp-json\/wp\/v2\/categories?post=225"},{"taxonomy":"post_tag","embeddable":true,"href":"https:\/\/observatoirevalidismepolitique.fr\/index.php\/wp-json\/wp\/v2\/tags?post=225"}],"curies":[{"name":"wp","href":"https:\/\/api.w.org\/{rel}","templated":true}]}}