{"id":1,"date":"2024-05-29T08:20:14","date_gmt":"2024-05-29T06:20:14","guid":{"rendered":"http:\/\/observatoirevalidismepolitique.fr\/?p=1"},"modified":"2024-07-10T12:26:51","modified_gmt":"2024-07-10T10:26:51","slug":"notre-tribune-dans-liberation-a-signer","status":"publish","type":"post","link":"https:\/\/observatoirevalidismepolitique.fr\/index.php\/2024\/05\/29\/notre-tribune-dans-liberation-a-signer\/","title":{"rendered":"Notre tribune dans Lib\u00e9ration \u00e0 signer : Violences validistes sur les \u00e9lues et \u00e9lus handicap\u00e9s"},"content":{"rendered":"\n<p class=\"has-nv-light-bg-background-color has-background has-medium-font-size\">Ce 21 juin 2024, Lib\u00e9ration a publi\u00e9 notre<a href=\"https:\/\/observatoirevalidismepolitique.fr\/\"> tribune <\/a>d\u00e9sormais ouverte \u00e0 signature publique apr\u00e8s 272 premi\u00e8res signatures d&rsquo;\u00e9lus et militants :<\/p>\n\n\n\n<p>Pour signer : <a href=\"https:\/\/docs.google.com\/forms\/d\/1ZLvp_smP_lbcyvNvuYP2uJBTK_r56Cwf360YeJtoGUs\/edit\">https:\/\/docs.google.com\/forms\/d\/1ZLvp_smP_lbcyvNvuYP2uJBTK_r56Cwf360YeJtoGUs\/<\/a><\/p>\n\n\n\n<p><a href=\"https:\/\/www.liberation.fr\/idees-et-debats\/tribunes\/violences-validistes-en-politique-stop-a-loppression-systemique-20240621_YT7LWC5GZNF4RHLRXRWA22DNWM\">https:\/\/www.liberation.fr\/idees-et-debats\/tribunes\/violences-validistes-en-politique-stop-a-loppression-systemique-20240621_YT7LWC5GZNF4RHLRXRWA22DNWM<\/a><\/p>\n\n\n\n<figure class=\"wp-block-image aligncenter size-full\"><img data-recalc-dims=\"1\" loading=\"lazy\" decoding=\"async\" width=\"456\" height=\"652\" src=\"https:\/\/i0.wp.com\/observatoirevalidismepolitique.fr\/wp-content\/uploads\/2024\/07\/24-07-10-121601.png?resize=456%2C652&#038;ssl=1\" alt=\"Capture d'\u00e9cran de la tribune parue dans Lib\u00e9ration le 21 Cjuin 2024\" class=\"wp-image-207\" srcset=\"https:\/\/i0.wp.com\/observatoirevalidismepolitique.fr\/wp-content\/uploads\/2024\/07\/24-07-10-121601.png?w=456&amp;ssl=1 456w, https:\/\/i0.wp.com\/observatoirevalidismepolitique.fr\/wp-content\/uploads\/2024\/07\/24-07-10-121601.png?resize=210%2C300&amp;ssl=1 210w\" sizes=\"auto, (max-width: 456px) 100vw, 456px\" \/><\/figure>\n\n\n\n<p class=\"has-text-align-left\">Nous, personnes handicap\u00e9es militantes, candidates ou \u00e9lues, <strong>interpellons le monde politique sur les violences validistes auxquelles nous sommes confront\u00e9es et sur la n\u00e9cessaire suppression des barri\u00e8res physiques, techniques et organisationnelles que nous rencontrons pour participer \u00e0 la vie de la cit\u00e9.<\/strong><br><\/p>\n\n\n\n<p class=\"has-text-align-left\">Au sein du Parlement, des conseils r\u00e9gionaux, d\u00e9partementaux, intercommunaux ou municipaux, dans les associations ou les partis politiques, nous faisons r\u00e9guli\u00e8rement face \u00e0 des violences, une infantilisation et une absence de prise en compte ou encore un effacement de nos besoins, diff\u00e9rences, et de nos identit\u00e9s. Malgr\u00e9 nos signaux d\u2019alertes et face \u00e0 des discours grandiloquents sur l\u2019inclusion au sein de nos institutions, nous d\u00e9non\u00e7ons une violence syst\u00e9mique envers les corps et les esprits disqualifi\u00e9s par la soci\u00e9t\u00e9 valide.<br><\/p>\n\n\n\n<p class=\"has-text-align-left\">Les ann\u00e9es passent et rien ne change, le manque de repr\u00e9sentation reste le m\u00eame, les am\u00e9nagements permettant de compenser les situations de handicap ne sont pas mis en oeuvre et les attaques ne font qu\u2019augmenter. Le handicap reste un impens\u00e9 des politiques publiques et les partis ignorent ou pire participent \u00e0 ce syst\u00e8me de violence.<br><\/p>\n\n\n\n<p class=\"has-text-align-left\">Trop souvent, nous avons l\u2019impression d\u2019\u00eatre cantonn\u00e9es au statut de \u201cfaire-valoir\u201d, \u00e0 qui l\u2019on demande d\u2019\u00eatre pr\u00e9sent sur les photographies de campagne, sans nous proposer des places \u00e9ligibles, sans nous accorder les moyens n\u00e9cessaires d\u2019exercer notre mandat lorsque nous parvenons \u00e0 \u00eatre \u00e9lu ou \u00e9lue, et sans d\u00e9fendre les droits des personnes handicap\u00e9es dans les politiques men\u00e9es.<br><\/p>\n\n\n\n<p class=\"has-text-align-left\">Le monde politique doit montrer l\u2019exemple de la non-discrimination et d\u2019une repr\u00e9sentation fid\u00e8le \u00e0 la composition et aux pr\u00e9occupations de la soci\u00e9t\u00e9 fran\u00e7aise, en \u00e9cartant les auteurs et les autrices de violences validistes de ses rangs, en se formant aux luttes anti-validistes et en soutenant l\u2019accessibilit\u00e9 et les moyens de compensation de tous les handicaps, que ce soit pendant les campagnes ou pendant les mandats. Alors que le handicap est la premi\u00e8re cause de saisine de la D\u00e9fenseure des droits, les lieux de d\u00e9lib\u00e9ration et de d\u00e9cisions nous excluent trop souvent et annihilent ainsi la voix des 16% de Fran\u00e7ais handicap\u00e9s et une large vari\u00e9t\u00e9 de points de vue et int\u00e9r\u00eats dans la construction des politiques publiques[1].<br><\/p>\n\n\n\n<p class=\"has-text-align-left\">Ce ph\u00e9nom\u00e8ne de marginalisation trouve son fondement dans le validisme, un syst\u00e8me d\u2019oppression syst\u00e9mique bas\u00e9 sur des croyances et des pratiques qui d\u00e9valorisent ceux et celles qui ne correspondent pas \u00e0 la norme valide d\u2019ordre corporel, sensoriel et\/ou cognitif. Le validisme op\u00e8re dans tous les aspects de la soci\u00e9t\u00e9, mais trouve une r\u00e9sonance particuli\u00e8rement d\u00e9vastatrice dans le domaine politique, format\u00e9 sur les exigences physiques et sociales attendues de l\u2019\u00ab homme fort \u00bb : disponible \u00e0 tout moment, avec une sant\u00e9 \u00e0 \u00ab toute \u00e9preuve \u00bb, ne craignant rien, bon orateur \u2026 etc. Cette normalisation extr\u00eame \u00e9carte des sph\u00e8res d\u00e9cisionnelles et militantes les personnes handicap\u00e9es, qui peuvent \u00e9galement subir d\u2019autres discriminations (racisme, sexisme, LGBTphobies).<br><\/p>\n\n\n\n<p class=\"has-text-align-left\">Cette s\u00e9gr\u00e9gation partielle ou totale est d\u2019autant plus dangereuse pour la soci\u00e9t\u00e9 qu\u2019il est n\u00e9cessaire de contrecarrer l\u2019actuelle progression des discours violents envers ceux et celles qui ne seraient pas productifs et\/ou dont la vie aurait une moindre valeur : il suffit de lire le rapport 2023 sur les politiques publiques du handicap du CNCDH, qui constate la persistance des st\u00e9r\u00e9otypes, pr\u00e9jug\u00e9s et discriminations [2]. Alors qu\u2019un tiers des moins de 35 ans consid\u00e8re que les handicap\u00e9s sont une charge pour la soci\u00e9t\u00e9, et que 60% de la soci\u00e9t\u00e9 consid\u00e8re que le handicap est un obstacle au bonheur et \u00e0 l\u2019\u00e9panouissement, la classe politique continue d\u2019utiliser un vocabulaire validiste \u2013 soit insultant tel que \u201c\u00e9clop\u00e9, cul de jatte, attard\u00e9, triso\u201d, soit utilisant nos handicaps comme termes p\u00e9joratifs \u201cAutiste, aveugle, dialogue de sourds \u2026 \u00bb<br><\/p>\n\n\n\n<blockquote class=\"wp-block-quote is-layout-flow wp-block-quote-is-layout-flow\">\n<p class=\"has-text-align-left has-nv-light-bg-background-color has-background has-medium-font-size\"><strong><em>C\u2019est pourquoi, d\u00e8s septembre 2024 sera ainsi cr\u00e9\u00e9 un Observatoire du validisme en politique.<\/em><\/strong><br><\/p>\n<\/blockquote>\n\n\n\n<p class=\"has-text-align-left\">Il aura pour mission d&rsquo;identifier, de documenter et de d\u00e9noncer les comportements et prises de position validistes au sein du milieu politique et militant, ainsi que d&rsquo;interpeller les \u00e9lus et d\u00e9cideurs sur l\u2019absence d\u2019accessibilit\u00e9 et de compensation du handicap dans les r\u00e9unions et activit\u00e9s politiques. En reconnaissant et en combattant les violences validistes, nous oeuvrons non seulement pour la pleine participation des personnes handicap\u00e9es dans la vie de la cit\u00e9, mais \u00e9galement pour une d\u00e9mocratie plus juste et plus saine pour toutes et tous.<br><\/p>\n\n\n\n<p><strong>Auteurs et autrices de la tribune :<\/strong><br>Audrey H\u00e9nocque, Premi\u00e8re adjointe au maire de Lyon<br>Odile Maurin, Conseill\u00e8re municipale et m\u00e9tropolitaine de Toulouse,<br>S\u00e9bastien Peytavie, D\u00e9put\u00e9 de Dordogne<br>Marie Pieron, Adjointe au maire d\u2019Ivry sur Seine et conseill\u00e8re territoriale du Grand Orly Seine Bievre<br>Charlotte Puiseux, Militante politique<br>Tom Tallieu, Militant politique<br>Lydie Ra\u00ebr, Conseill\u00e8re municipale d\u2019Ivry sur Seine<br><\/p>\n\n\n\n<p><strong>Signataires : Gr\u00e9gory Doucet<\/strong>\u00a0maire de Lyon,\u00a0<strong>C\u00e9dric Van Styvendael\u00a0<\/strong>maire de Villeurbanne,\u00a0<strong>Philippe Bouyssou<\/strong>\u00a0maire d\u2019Ivry-sur-Seine,\u00a0<strong>Jacqueline Belhomme<\/strong>\u00a0maire de Malakoff,\u00a0<strong>Ali Rabeh\u00a0<\/strong>maire de Trappes,\u00a0<strong>Patrice Leclerc<\/strong>\u00a0maire de Gennevilliers,\u00a0<strong>Bruno Bernard<\/strong>\u00a0pr\u00e9sident de la m\u00e9tropole de Lyon,\u00a0<strong>Elsa Faucillon<\/strong>\u00a0d\u00e9put\u00e9e,\u00a0<strong>Eva Sas\u00a0<\/strong>d\u00e9put\u00e9e,\u00a0<strong>Marie-Charlotte Garin\u00a0<\/strong>d\u00e9put\u00e9e,\u00a0<strong>Jean-Claude Raux\u00a0<\/strong>d\u00e9put\u00e9,\u00a0<strong>Christine Arrighi\u00a0<\/strong>d\u00e9put\u00e9e,\u00a0<strong>Sandrine Rousseau\u00a0<\/strong>d\u00e9put\u00e9e,\u00a0<strong>Pascal Savoldelli\u00a0<\/strong>s\u00e9nateur,\u00a0<strong>Marine Tondelier\u00a0<\/strong>secr\u00e9taire nationale Les Ecologistes-EELV,\u00a0<strong>Samira Laal,\u00a0<\/strong>secr\u00e9taire nationale PS au handicap et \u00e0 l\u2019inclusion,\u00a0<strong>Beno\u00eet Hamon\u00a0<\/strong>pr\u00e9sident de Singa.<\/p>\n\n\n\n<p><em>[1] Ces violences r\u00e9sultent de la non prise en compte de l\u2019accessibilit\u00e9 aux personnes handicap\u00e9es physiques, de la protection des personnes immunod\u00e9prim\u00e9es, d\u2019organisations excluantes pour les personnes neurodivergentes, de r\u00e9unions trop longues pour les personnes souffrant de douleurs chroniques et\/ou de fatigabilit\u00e9, de documents et sites inaccessibles aux personnes aveugles et malvoyantes mais aussi aux personnes handicap\u00e9es mentales ou de communication sans langue des signes pour les personnes sourdes\u2026et d\u2019autres carences qui effacent les personnes concern\u00e9es de la vie politique.<\/em><br><\/p>\n\n\n\n<p><em>[2] https:\/\/www.cncdh.fr\/sites\/default\/files\/2023-<br>12\/9782111578326_CNCDH_Handicap__PDFweb_access.pdf<\/em><\/p>\n","protected":false},"excerpt":{"rendered":"<p>Ce 21 juin 2024, Lib\u00e9ration a publi\u00e9 notre tribune d\u00e9sormais ouverte \u00e0 signature publique apr\u00e8s 272 premi\u00e8res signatures d&rsquo;\u00e9lus et militants :<\/p>\n","protected":false},"author":1,"featured_media":207,"comment_status":"open","ping_status":"open","sticky":false,"template":"","format":"standard","meta":{"jetpack_post_was_ever_published":false,"_jetpack_newsletter_access":"","_jetpack_dont_email_post_to_subs":false,"_jetpack_newsletter_tier_id":0,"_jetpack_memberships_contains_paywalled_content":false,"_jetpack_memberships_contains_paid_content":false,"footnotes":"","jetpack_publicize_message":"","jetpack_publicize_feature_enabled":true,"jetpack_social_post_already_shared":true,"jetpack_social_options":{"image_generator_settings":{"template":"highway","enabled":false},"version":2}},"categories":[5,3],"tags":[],"class_list":["post-1","post","type-post","status-publish","format-standard","has-post-thumbnail","hentry","category-politique","category-validisme"],"jetpack_publicize_connections":[],"jetpack_featured_media_url":"https:\/\/i0.wp.com\/observatoirevalidismepolitique.fr\/wp-content\/uploads\/2024\/07\/24-07-10-121601.png?fit=456%2C652&ssl=1","jetpack-related-posts":[{"id":253,"url":"https:\/\/observatoirevalidismepolitique.fr\/index.php\/2025\/07\/08\/002-delus-handicapes-alors-que-16-de-la-population-a-un-handicap-tolerable-dans-une-nation-democratique\/","url_meta":{"origin":1,"position":0},"title":"0,02% d&rsquo;\u00e9lus handicap\u00e9s alors que 16% de la population a un handicap : tol\u00e9rable dans une nation d\u00e9mocratique ?\u00a0","author":"admin9931","date":"8 juillet 2025","format":false,"excerpt":"Tribune de l'Observatoire du validisme en politique sur le scandale d\u00e9mocratique de l'absence de moyens de participation des personnes handicap\u00e9es aux fonctions \u00e9lectives","rel":"","context":"Dans &quot;Handicap&quot;","block_context":{"text":"Handicap","link":"https:\/\/observatoirevalidismepolitique.fr\/index.php\/category\/handicap\/"},"img":{"alt_text":"Capture d'\u00e9cran du site du S\u00e9nat avec la proposition de loi sur le statut de l'\u00e9lu local et la mention manuscrite : 0,02 % d'\u00e9lus handicap\u00e9s pour 16 % de la population. Deux points tol\u00e9rables ?","src":"https:\/\/i0.wp.com\/observatoirevalidismepolitique.fr\/wp-content\/uploads\/2025\/07\/250707_OVP_amendts-statut-elu-local_handi.png?fit=800%2C600&ssl=1&resize=350%2C200","width":350,"height":200,"srcset":"https:\/\/i0.wp.com\/observatoirevalidismepolitique.fr\/wp-content\/uploads\/2025\/07\/250707_OVP_amendts-statut-elu-local_handi.png?fit=800%2C600&ssl=1&resize=350%2C200 1x, https:\/\/i0.wp.com\/observatoirevalidismepolitique.fr\/wp-content\/uploads\/2025\/07\/250707_OVP_amendts-statut-elu-local_handi.png?fit=800%2C600&ssl=1&resize=525%2C300 1.5x, https:\/\/i0.wp.com\/observatoirevalidismepolitique.fr\/wp-content\/uploads\/2025\/07\/250707_OVP_amendts-statut-elu-local_handi.png?fit=800%2C600&ssl=1&resize=700%2C400 2x"},"classes":[]},{"id":373,"url":"https:\/\/observatoirevalidismepolitique.fr\/index.php\/2025\/10\/08\/communique-pour-des-conseils-municipaux-representatifs-de-la-diversite-de-la-population-stop-au-validisme-en-politique\/","url_meta":{"origin":1,"position":1},"title":"Communiqu\u00e9\u00a0: pour des conseils municipaux repr\u00e9sentatifs de la diversit\u00e9 de la population, stop au validisme en politique\u00a0!","author":"admin9931","date":"8 octobre 2025","format":false,"excerpt":"L\u2019Observatoire du validisme en politique[1] apporte son soutien \u00e0 Odile Maurin, \u00e9lue d\u2019opposition au Conseil municipal de Toulouse, suite \u00e0 l\u2019incident ayant provoqu\u00e9 une interruption de s\u00e9ance lors du Conseil du 26 septembre[2]. Cet \u00e9pisode est l\u2019aboutissement insupportable de plus de cinq ann\u00e9es de mandat au cours desquelles cette \u00e9lue\u2026","rel":"","context":"Dans &quot;Validisme&quot;","block_context":{"text":"Validisme","link":"https:\/\/observatoirevalidismepolitique.fr\/index.php\/category\/validisme\/"},"img":{"alt_text":"Capture d'\u00e9cran d'un extrait du Conseil municipal du 26 septembre 2025 de Toulouse, o\u00f9 l'on voit une \u00e9lue handicap\u00e9e venue \u00e0 la tribune pour demander la parole apr\u00e8s un \u00e9ni\u00e8me \u00e9pisode de censure, et qui se voit arracher le micro des mains apr\u00e8s avoir tent\u00e9 de prendre le micro pour r\u00e9pondre au maire.","src":"https:\/\/i0.wp.com\/observatoirevalidismepolitique.fr\/wp-content\/uploads\/2025\/10\/250926_Youtube_capture-micro3_ss-text.png?fit=1050%2C578&ssl=1&resize=350%2C200","width":350,"height":200,"srcset":"https:\/\/i0.wp.com\/observatoirevalidismepolitique.fr\/wp-content\/uploads\/2025\/10\/250926_Youtube_capture-micro3_ss-text.png?fit=1050%2C578&ssl=1&resize=350%2C200 1x, https:\/\/i0.wp.com\/observatoirevalidismepolitique.fr\/wp-content\/uploads\/2025\/10\/250926_Youtube_capture-micro3_ss-text.png?fit=1050%2C578&ssl=1&resize=525%2C300 1.5x, https:\/\/i0.wp.com\/observatoirevalidismepolitique.fr\/wp-content\/uploads\/2025\/10\/250926_Youtube_capture-micro3_ss-text.png?fit=1050%2C578&ssl=1&resize=700%2C400 2x, https:\/\/i0.wp.com\/observatoirevalidismepolitique.fr\/wp-content\/uploads\/2025\/10\/250926_Youtube_capture-micro3_ss-text.png?fit=1050%2C578&ssl=1&resize=1050%2C600 3x"},"classes":[]},{"id":390,"url":"https:\/\/observatoirevalidismepolitique.fr\/index.php\/2026\/03\/14\/interviews-observatoire-et-membres\/","url_meta":{"origin":1,"position":2},"title":"Interviews de l&rsquo;Observatoire et de ses membres","author":"admin9931","date":"14 mars 2026","format":false,"excerpt":"Articles de mars 2026 sur l'Observatoire du Validisme en Politique et certaines de ses membres dont Odile Maurin et Audrey Henocque sur le statut de l'\u00e9lu local et ce \u00e0 quoi elles sont confront\u00e9es","rel":"","context":"Dans &quot;Handicap&quot;","block_context":{"text":"Handicap","link":"https:\/\/observatoirevalidismepolitique.fr\/index.php\/category\/handicap\/"},"img":{"alt_text":"Capture d'\u00e9cran de l'article de Lib\u00e9ration avec les photos d'Autret et H\u00e9nocque, premi\u00e8re adjointe \u00e0 Lyon. De Julien Compan, conseiller municipal \u00e0 Massy et Odile Maurin, \u00e9lue de l'opposition \u00e0 Toulouse avec le titre \u00ab T\u00e9moignage : les habitudes politiques sont calqu\u00e9es sur des normes valides \u00bb. 2.3 \u00c9lus municipaux handicap\u00e9s t\u00e9moignent","src":"https:\/\/i0.wp.com\/observatoirevalidismepolitique.fr\/wp-content\/uploads\/2026\/03\/260310_Liberation-3-elus-handi.jpg?fit=802%2C768&ssl=1&resize=350%2C200","width":350,"height":200,"srcset":"https:\/\/i0.wp.com\/observatoirevalidismepolitique.fr\/wp-content\/uploads\/2026\/03\/260310_Liberation-3-elus-handi.jpg?fit=802%2C768&ssl=1&resize=350%2C200 1x, https:\/\/i0.wp.com\/observatoirevalidismepolitique.fr\/wp-content\/uploads\/2026\/03\/260310_Liberation-3-elus-handi.jpg?fit=802%2C768&ssl=1&resize=525%2C300 1.5x, https:\/\/i0.wp.com\/observatoirevalidismepolitique.fr\/wp-content\/uploads\/2026\/03\/260310_Liberation-3-elus-handi.jpg?fit=802%2C768&ssl=1&resize=700%2C400 2x"},"classes":[]},{"id":225,"url":"https:\/\/observatoirevalidismepolitique.fr\/index.php\/2025\/02\/20\/audrey-henocque-et-odile-maurin-dans-la-presse-sur-handicap-et-elues\/","url_meta":{"origin":1,"position":3},"title":"Audrey Henocque et Odile Maurin dans la presse sur handicap et \u00e9lues","author":"admin9931","date":"20 f\u00e9vrier 2025","format":false,"excerpt":"2 articles en ce d\u00e9but d'ann\u00e9e 2025 qui parlent des fondatrices de l'Observatoire et de leur r\u00f4le d'\u00e9lue 29\/1\/25 : Courrier des Maires : En 2026, l\u2019espoir d\u2019un renouveau \u00e9lectoral et politique de la cause du handicap Les freins \u00e0 l\u2019engagement citoyen sont nombreux pour les personnes en situation de\u2026","rel":"","context":"Dans &quot;Handicap&quot;","block_context":{"text":"Handicap","link":"https:\/\/observatoirevalidismepolitique.fr\/index.php\/category\/handicap\/"},"img":{"alt_text":"","src":"https:\/\/i0.wp.com\/observatoirevalidismepolitique.fr\/wp-content\/uploads\/2025\/02\/Capture-decran-2025-02-20-205639.jpg?resize=350%2C200&ssl=1","width":350,"height":200,"srcset":"https:\/\/i0.wp.com\/observatoirevalidismepolitique.fr\/wp-content\/uploads\/2025\/02\/Capture-decran-2025-02-20-205639.jpg?resize=350%2C200&ssl=1 1x, https:\/\/i0.wp.com\/observatoirevalidismepolitique.fr\/wp-content\/uploads\/2025\/02\/Capture-decran-2025-02-20-205639.jpg?resize=525%2C300&ssl=1 1.5x, https:\/\/i0.wp.com\/observatoirevalidismepolitique.fr\/wp-content\/uploads\/2025\/02\/Capture-decran-2025-02-20-205639.jpg?resize=700%2C400&ssl=1 2x"},"classes":[]},{"id":384,"url":"https:\/\/observatoirevalidismepolitique.fr\/index.php\/2025\/11\/18\/guide-handeo-pour-participer-a-la-vie-politique\/","url_meta":{"origin":1,"position":4},"title":"Guide Handeo pour participer \u00e0 la vie politique","author":"admin9931","date":"18 novembre 2025","format":false,"excerpt":"Moins de 1% d'\u00e9luEs en situation de handicap et en r\u00e9alit\u00e9, bien moins, du fait des obstacles multiples qui se dressent sur leur parcours d'engagement citoyen et militant : inaccessibilit\u00e9, repr\u00e9sentations et comportements validistes, insuffisance des financements de la compensation de leurs handicaps. Dans le cadre du projet de recherche\u2026","rel":"","context":"Dans &quot;Handicap&quot;","block_context":{"text":"Handicap","link":"https:\/\/observatoirevalidismepolitique.fr\/index.php\/category\/handicap\/"},"img":{"alt_text":"Couverture du livret Handeo pour une accessibilit\u00e9 universelle des activit\u00e9s politiques et partisanes, livret \u00e0 destination des partis politiques","src":"https:\/\/i0.wp.com\/observatoirevalidismepolitique.fr\/wp-content\/uploads\/2025\/11\/Handeo_251117_livret-a-destination-partis.jpg?fit=362%2C572&ssl=1&resize=350%2C200","width":350,"height":200},"classes":[]},{"id":217,"url":"https:\/\/observatoirevalidismepolitique.fr\/index.php\/2024\/12\/06\/table-ronde-sur-le-handicap-au-pouvoir-de-cyril-desjeux-avec-la-chaine-ppr-autonomie\/","url_meta":{"origin":1,"position":5},"title":"Table ronde sur \u00ab\u00a0Le handicap au pouvoir\u00a0\u00bb de Cyril Desjeux avec la chaine PPR Autonomie","author":"admin9931","date":"6 d\u00e9cembre 2024","format":false,"excerpt":"Fatima Khallouk et Odile Maurin sont intervenues ce vendredi 6 d\u00e9cembre 2024 sur la chaine Youtube de l'Actualit\u00e9 de la recherche du CNRS et du PPR autonomie pour commenter la sortie du livre de Cyril Desjeux sociologue qui travaille sur la participation politique des personnes handicap\u00e9es. Quels sont les obstacles\u2026","rel":"","context":"Dans &quot;Handicap&quot;","block_context":{"text":"Handicap","link":"https:\/\/observatoirevalidismepolitique.fr\/index.php\/category\/handicap\/"},"img":{"alt_text":"","src":"https:\/\/i0.wp.com\/img.youtube.com\/vi\/\/0.jpg?resize=350%2C200","width":350,"height":200},"classes":[]}],"jetpack_likes_enabled":true,"jetpack_sharing_enabled":true,"_links":{"self":[{"href":"https:\/\/observatoirevalidismepolitique.fr\/index.php\/wp-json\/wp\/v2\/posts\/1","targetHints":{"allow":["GET"]}}],"collection":[{"href":"https:\/\/observatoirevalidismepolitique.fr\/index.php\/wp-json\/wp\/v2\/posts"}],"about":[{"href":"https:\/\/observatoirevalidismepolitique.fr\/index.php\/wp-json\/wp\/v2\/types\/post"}],"author":[{"embeddable":true,"href":"https:\/\/observatoirevalidismepolitique.fr\/index.php\/wp-json\/wp\/v2\/users\/1"}],"replies":[{"embeddable":true,"href":"https:\/\/observatoirevalidismepolitique.fr\/index.php\/wp-json\/wp\/v2\/comments?post=1"}],"version-history":[{"count":18,"href":"https:\/\/observatoirevalidismepolitique.fr\/index.php\/wp-json\/wp\/v2\/posts\/1\/revisions"}],"predecessor-version":[{"id":214,"href":"https:\/\/observatoirevalidismepolitique.fr\/index.php\/wp-json\/wp\/v2\/posts\/1\/revisions\/214"}],"wp:featuredmedia":[{"embeddable":true,"href":"https:\/\/observatoirevalidismepolitique.fr\/index.php\/wp-json\/wp\/v2\/media\/207"}],"wp:attachment":[{"href":"https:\/\/observatoirevalidismepolitique.fr\/index.php\/wp-json\/wp\/v2\/media?parent=1"}],"wp:term":[{"taxonomy":"category","embeddable":true,"href":"https:\/\/observatoirevalidismepolitique.fr\/index.php\/wp-json\/wp\/v2\/categories?post=1"},{"taxonomy":"post_tag","embeddable":true,"href":"https:\/\/observatoirevalidismepolitique.fr\/index.php\/wp-json\/wp\/v2\/tags?post=1"}],"curies":[{"name":"wp","href":"https:\/\/api.w.org\/{rel}","templated":true}]}}